{"id":10234,"date":"2023-02-03T00:00:32","date_gmt":"2023-02-03T02:00:32","guid":{"rendered":"https:\/\/ultimato.com.br\/sites\/devocional-diaria\/?p=10234"},"modified":"2023-01-27T15:48:05","modified_gmt":"2023-01-27T17:48:05","slug":"entrelaco-permanente-2","status":"publish","type":"post","link":"https:\/\/ultimato.com.br\/sites\/devocional-diaria\/2023\/02\/03\/autor\/elben-cesar\/entrelaco-permanente-2\/","title":{"rendered":"Entrela\u00e7o permanente"},"content":{"rendered":"<p>Dize \u00e0 minha alma: \u201cEu sou a sua salva\u00e7\u00e3o\u201d. (Sl 35.3)<\/p>\n<p>Uma das mais subjetivas ora\u00e7\u00f5es do salmista \u00e9 quando ele pede a Deus: \u201cDize \u00e0 minha alma: \u2018Eu sou a sua salva\u00e7\u00e3o\u2019\u201d (Sl 35.3).<\/p>\n<p>O salmista j\u00e1 sabia disso. Ele j\u00e1 havia registrado: \u201cO Senhor \u00e9 a minha luz <em>e a minha salva\u00e7\u00e3o<\/em>; de quem terei medo?\u201d (Sl 27.1).<\/p>\n<p>Certamente o salmista quer mais certeza, quer renovar suas con\u00advic\u00e7\u00f5es, quer robustecer sua esperan\u00e7a, quer aumentar o seu entrela\u00e7o com Deus.<\/p>\n<p>N\u00e3o se trata de autoajuda. Ele n\u00e3o est\u00e1 dizendo dele e para ele: \u201cEu sou forte, eu sou forte, eu sou forte\u201d. Ele est\u00e1 pedindo: \u201cD\u00e1-me a certeza de que vais me salvar\u201d (NTLH).<\/p>\n<p>Por tr\u00e1s dessa s\u00faplica existe uma atitude de saud\u00e1vel depend\u00eancia de Deus, a mesma que Jesus tornou b\u00e1sica: \u201cSem mim voc\u00eas n\u00e3o po\u00addem fazer coisa alguma\u201d (Jo 15.5). E o que provoca essa saud\u00e1vel depen\u00add\u00eancia de Deus \u00e9 o sentimento de humildade. Sem ele ningu\u00e9m busca a ajuda de Deus, por acreditar que \u00e9 suficientemente capaz de vencer sozinho todas as batalhas da vida. Quando Paulo fala de triunfo sobre tudo e em todo o tempo, ele explica o segredo: \u201cTudo posso <em>naquele <\/em>que me fortalece\u201d (Fp 4.13). A frase bem poderia ser: \u201cTudo posso naquele que \u00e9 a minha salva\u00e7\u00e3o\u201d.<strong>\u00a0<\/strong><\/p>\n<p><strong>\u00a0<\/strong><\/p>\n<p><strong>&gt;&gt; Retirado de\u00a0<em><a href=\"https:\/\/www.ultimato.com.br\/loja\/produtos\/um-ano-com-os-salmos\">Um Ano com os Salmos<\/a><\/em> [Elben C\u00e9sar]. <\/strong><strong>Editora Ultimato.<\/strong><strong>\u00a0<\/strong><\/p>\n<p>Ou\u00e7a e compartilhe nossas devocionais pelo <a href=\"https:\/\/open.spotify.com\/show\/7CG8DL9dgWZEgPzX3rnk51?si=1dbGejI2TQS16eamNjb2rA\">Spotify<\/a>!<\/p>\n<p><iframe loading=\"lazy\" style=\"border-radius: 12px;\" src=\"https:\/\/open.spotify.com\/embed\/show\/7CG8DL9dgWZEgPzX3rnk51?utm_source=generator&amp;theme=0\" width=\"100%\" height=\"152\" frameborder=\"0\" allowfullscreen=\"allowfullscreen\"><\/iframe><\/p>\n","protected":false},"excerpt":{"rendered":"<p>Dize \u00e0 minha alma: \u201cEu sou a sua salva\u00e7\u00e3o\u201d. (Sl 35.3) Uma das mais subjetivas ora\u00e7\u00f5es do salmista \u00e9 quando ele pede a Deus: \u201cDize \u00e0 minha alma: \u2018Eu sou a sua salva\u00e7\u00e3o\u2019\u201d (Sl 35.3). O salmista j\u00e1 sabia disso. Ele j\u00e1 havia registrado: \u201cO Senhor \u00e9 a minha luz e a minha salva\u00e7\u00e3o; de [&hellip;]<\/p>\n","protected":false},"author":21,"featured_media":161,"comment_status":"open","ping_status":"open","sticky":false,"template":"","format":"standard","meta":{"ngg_post_thumbnail":0,"footnotes":""},"categories":[5478],"tags":[],"class_list":["post-10234","post","type-post","status-publish","format-standard","has-post-thumbnail","hentry","category-elben-cesar"],"publishpress_future_action":{"enabled":false,"date":"2026-05-04 20:36:40","action":"change-status","newStatus":"draft","terms":[],"taxonomy":"category","extraData":[]},"publishpress_future_workflow_manual_trigger":{"enabledWorkflows":[]},"_links":{"self":[{"href":"https:\/\/ultimato.com.br\/sites\/devocional-diaria\/wp-json\/wp\/v2\/posts\/10234","targetHints":{"allow":["GET"]}}],"collection":[{"href":"https:\/\/ultimato.com.br\/sites\/devocional-diaria\/wp-json\/wp\/v2\/posts"}],"about":[{"href":"https:\/\/ultimato.com.br\/sites\/devocional-diaria\/wp-json\/wp\/v2\/types\/post"}],"author":[{"embeddable":true,"href":"https:\/\/ultimato.com.br\/sites\/devocional-diaria\/wp-json\/wp\/v2\/users\/21"}],"replies":[{"embeddable":true,"href":"https:\/\/ultimato.com.br\/sites\/devocional-diaria\/wp-json\/wp\/v2\/comments?post=10234"}],"version-history":[{"count":1,"href":"https:\/\/ultimato.com.br\/sites\/devocional-diaria\/wp-json\/wp\/v2\/posts\/10234\/revisions"}],"predecessor-version":[{"id":10235,"href":"https:\/\/ultimato.com.br\/sites\/devocional-diaria\/wp-json\/wp\/v2\/posts\/10234\/revisions\/10235"}],"wp:featuredmedia":[{"embeddable":true,"href":"https:\/\/ultimato.com.br\/sites\/devocional-diaria\/wp-json\/wp\/v2\/media\/161"}],"wp:attachment":[{"href":"https:\/\/ultimato.com.br\/sites\/devocional-diaria\/wp-json\/wp\/v2\/media?parent=10234"}],"wp:term":[{"taxonomy":"category","embeddable":true,"href":"https:\/\/ultimato.com.br\/sites\/devocional-diaria\/wp-json\/wp\/v2\/categories?post=10234"},{"taxonomy":"post_tag","embeddable":true,"href":"https:\/\/ultimato.com.br\/sites\/devocional-diaria\/wp-json\/wp\/v2\/tags?post=10234"}],"curies":[{"name":"wp","href":"https:\/\/api.w.org\/{rel}","templated":true}]}}