{"id":10209,"date":"2023-01-26T00:00:15","date_gmt":"2023-01-26T02:00:15","guid":{"rendered":"https:\/\/ultimato.com.br\/sites\/devocional-diaria\/?p=10209"},"modified":"2023-01-04T11:39:28","modified_gmt":"2023-01-04T13:39:28","slug":"bondade-e-misericordia-2","status":"publish","type":"post","link":"https:\/\/ultimato.com.br\/sites\/devocional-diaria\/2023\/01\/26\/autor\/elben-cesar\/bondade-e-misericordia-2\/","title":{"rendered":"Bondade e miseric\u00f3rdia"},"content":{"rendered":"<p>O Senhor \u00e9 cheio de bondade e de miseric\u00f3rdia. (Tg 5.11b)<\/p>\n<p>Embora esteja bem bravo com os irm\u00e3os, Tiago n\u00e3o esconde o amor de\u00a0Deus: \u201cO Senhor \u00e9 <em>cheio <\/em>de bondade e de miseric\u00f3rdia [at\u00e9 n\u00e3o caber mais]\u201d.\u00a0Qualquer pessoa que conhece a hist\u00f3ria b\u00edblica ou que tenha o m\u00ednimo de\u00a0comunh\u00e3o com Deus, sabe tanto quanto Tiago que, com efeito, o Senhor \u00e9\u00a0<em>muito <\/em>misericordioso e compassivo.<\/p>\n<p>Mesmo na \u00e9poca em que a lei ocupava mais espa\u00e7o do que a gra\u00e7a, Deus\u00a0era apresentado assim, transbordante de miseric\u00f3rdia. Quando o Senhor\u00a0apareceu a Mois\u00e9s no Monte Sinai para dar-lhe as novas t\u00e1buas da lei, ele lhes\u00a0disse em voz alta: \u201cEu sou o Senhor, o Deus Eterno! Eu tenho compaix\u00e3o e\u00a0miseric\u00f3rdia, n\u00e3o fico irado com facilidade, e a minha fidelidade e o meu amor\u00a0s\u00e3o t\u00e3o <em>grandes <\/em>que n\u00e3o podem ser medidos\u201d (\u00cax 34.6). Os Salmos cantam\u00a0este atributo de Deus e afirmam que ele \u00e9 Deus de compaix\u00e3o e de amor, \u00e9\u00a0sempre paciente, bondoso e fiel (Sl 86.15); \u00e9 t\u00e3o bondoso e misericordioso\u00a0que n\u00e3o fica zangado facilmente nem vive nos repreendendo de momento\u00a0em momento nem n\u00e3o nos castiga como merecemos nem nos paga de acordo\u00a0com os nossos pecados e maldades (Sl 103.8-10). At\u00e9 o profeta Joel, depois de\u00a0declarar que o dia do julgamento de Deus \u00e9 grande e terr\u00edvel, anima o povo\u00a0de Jud\u00e1 a voltar para o Senhor por uma raz\u00e3o: ele \u00e9 bom e misericordioso,\u00a0paciente e exagerado no amor e est\u00e1 sempre disposto a cancelar o ju\u00edzo anunciado\u00a0e prestes a chegar (Jl 2.13-14).<\/p>\n<p>A bondade e a miseric\u00f3rdia de Deus fazem parte dos livros da lei, dos livros\u00a0po\u00e9ticos, dos livros prof\u00e9ticos e das cartas gerais. Aleluia!<\/p>\n<p>O pecador n\u00e3o perdoado e o pecador j\u00e1 perdoado, ambos precisam ter certeza da\u00a0miseric\u00f3rdia divina!<strong>\u00a0<\/strong><\/p>\n<p><strong>\u00a0<\/strong><\/p>\n<p><strong>&gt;&gt; Retirado de\u00a0<em><a href=\"https:\/\/www.ultimato.com.br\/loja\/produtos\/refeicoes-diarias-com-os-discipulos\">Refei\u00e7\u00f5es Di\u00e1rias com os Disc\u00edpulos<\/a><\/em> [Elben C\u00e9sar]. <\/strong><strong>Editora Ultimato.<\/strong><strong>\u00a0<\/strong><\/p>\n<p>Ou\u00e7a e compartilhe nossas devocionais pelo <a href=\"https:\/\/open.spotify.com\/show\/7CG8DL9dgWZEgPzX3rnk51?si=1dbGejI2TQS16eamNjb2rA\">Spotify<\/a>!<\/p>\n<p>&nbsp;<\/p>\n<p><iframe loading=\"lazy\" style=\"border-radius: 12px;\" src=\"https:\/\/open.spotify.com\/embed\/show\/7CG8DL9dgWZEgPzX3rnk51?utm_source=generator&amp;theme=0\" width=\"100%\" height=\"152\" frameborder=\"0\" allowfullscreen=\"allowfullscreen\"><\/iframe><\/p>\n","protected":false},"excerpt":{"rendered":"<p>O Senhor \u00e9 cheio de bondade e de miseric\u00f3rdia. (Tg 5.11b) Embora esteja bem bravo com os irm\u00e3os, Tiago n\u00e3o esconde o amor de\u00a0Deus: \u201cO Senhor \u00e9 cheio de bondade e de miseric\u00f3rdia [at\u00e9 n\u00e3o caber mais]\u201d.\u00a0Qualquer pessoa que conhece a hist\u00f3ria b\u00edblica ou que tenha o m\u00ednimo de\u00a0comunh\u00e3o com Deus, sabe tanto quanto Tiago [&hellip;]<\/p>\n","protected":false},"author":21,"featured_media":162,"comment_status":"open","ping_status":"open","sticky":false,"template":"","format":"standard","meta":{"ngg_post_thumbnail":0,"footnotes":""},"categories":[5478],"tags":[],"class_list":["post-10209","post","type-post","status-publish","format-standard","has-post-thumbnail","hentry","category-elben-cesar"],"publishpress_future_action":{"enabled":false,"date":"2026-05-04 23:18:48","action":"change-status","newStatus":"draft","terms":[],"taxonomy":"category","extraData":[]},"publishpress_future_workflow_manual_trigger":{"enabledWorkflows":[]},"_links":{"self":[{"href":"https:\/\/ultimato.com.br\/sites\/devocional-diaria\/wp-json\/wp\/v2\/posts\/10209","targetHints":{"allow":["GET"]}}],"collection":[{"href":"https:\/\/ultimato.com.br\/sites\/devocional-diaria\/wp-json\/wp\/v2\/posts"}],"about":[{"href":"https:\/\/ultimato.com.br\/sites\/devocional-diaria\/wp-json\/wp\/v2\/types\/post"}],"author":[{"embeddable":true,"href":"https:\/\/ultimato.com.br\/sites\/devocional-diaria\/wp-json\/wp\/v2\/users\/21"}],"replies":[{"embeddable":true,"href":"https:\/\/ultimato.com.br\/sites\/devocional-diaria\/wp-json\/wp\/v2\/comments?post=10209"}],"version-history":[{"count":1,"href":"https:\/\/ultimato.com.br\/sites\/devocional-diaria\/wp-json\/wp\/v2\/posts\/10209\/revisions"}],"predecessor-version":[{"id":10210,"href":"https:\/\/ultimato.com.br\/sites\/devocional-diaria\/wp-json\/wp\/v2\/posts\/10209\/revisions\/10210"}],"wp:featuredmedia":[{"embeddable":true,"href":"https:\/\/ultimato.com.br\/sites\/devocional-diaria\/wp-json\/wp\/v2\/media\/162"}],"wp:attachment":[{"href":"https:\/\/ultimato.com.br\/sites\/devocional-diaria\/wp-json\/wp\/v2\/media?parent=10209"}],"wp:term":[{"taxonomy":"category","embeddable":true,"href":"https:\/\/ultimato.com.br\/sites\/devocional-diaria\/wp-json\/wp\/v2\/categories?post=10209"},{"taxonomy":"post_tag","embeddable":true,"href":"https:\/\/ultimato.com.br\/sites\/devocional-diaria\/wp-json\/wp\/v2\/tags?post=10209"}],"curies":[{"name":"wp","href":"https:\/\/api.w.org\/{rel}","templated":true}]}}