{"id":10207,"date":"2023-01-25T00:00:39","date_gmt":"2023-01-25T02:00:39","guid":{"rendered":"https:\/\/ultimato.com.br\/sites\/devocional-diaria\/?p=10207"},"modified":"2023-01-04T11:37:13","modified_gmt":"2023-01-04T13:37:13","slug":"perdao-antes-de-tudo","status":"publish","type":"post","link":"https:\/\/ultimato.com.br\/sites\/devocional-diaria\/2023\/01\/25\/autor\/elben-cesar\/perdao-antes-de-tudo\/","title":{"rendered":"Perd\u00e3o antes de tudo"},"content":{"rendered":"<p>Perdoa os nossos pecados. (Sl 79.9)<\/p>\n<p>Dezenove anos depois que se tornou rei da Babil\u00f4nia, Nabucodonosor arrasou a cidade de Jerusal\u00e9m (586 a.C.). Os Salmos 74 e 79 descrevem com amargura o que aconteceu. Um deles relaciona acertadamente a trag\u00e9dia com os pecados da popula\u00e7\u00e3o e das autoridades anteriores \u00e0 invas\u00e3o babil\u00f4nica (Sl 79.8).<\/p>\n<p>Diante de tamanha humilha\u00e7\u00e3o (\u201csomos objetos de zombaria para os nossos vizinhos, de riso e menosprezo para os que vivem ao nosso redor\u201d) e de tamanho sofrimento (\u201cderramaram o sangue dos teus servos como \u00e1gua ao redor de Jerusal\u00e9m, e n\u00e3o h\u00e1 ningu\u00e9m para sepult\u00e1-los\u201d), o salmista suplica a Deus quatro poderosas manifesta\u00e7\u00f5es: \u201cVenha depressa ao nosso encontro a tua miseric\u00f3rdia\u201d; \u201cAjude-nos\u201d; \u201cLivra-nos\u201d e \u201cPerdoa os nossos pecados\u201d (Sl 79.8-9).<\/p>\n<p>De todas as quatro s\u00faplicas, a maior, a mais importante, a mais ur\u00adgente, sem d\u00favida alguma, \u00e9 a \u00faltima: \u201cPerdoa os nossos pecados\u201d. E essa ora\u00e7\u00e3o foi muito benfeita porque, na ora\u00e7\u00e3o imediatamente anterior, o mesmo salmista havia pedido: \u201cN\u00e3o cobres de n\u00f3s as maldades <em>dos nossos antepassados<\/em>\u201d. Agora, ele n\u00e3o pede que Deus perdoe apenas os pecados dos seus antepassados, mas \u201cos <em>nossos <\/em>pecados\u201d.<\/p>\n<p>Uma ora\u00e7\u00e3o t\u00e3o benfeita como essa tem toda a chance de ser atendida, tal qual a do publicano: \u201cDeus, tem miseric\u00f3rdia <em>de mim<\/em>\u201d (Lc 18.13).<strong>\u00a0<\/strong><\/p>\n<p><strong>\u00a0<\/strong><\/p>\n<p><strong>&gt;&gt; Retirado de\u00a0<em><a href=\"https:\/\/www.ultimato.com.br\/loja\/produtos\/um-ano-com-os-salmos\">Um Ano com os Salmos<\/a><\/em> [Elben C\u00e9sar]. <\/strong><strong>Editora Ultimato.<\/strong><strong>\u00a0<\/strong><\/p>\n<p>Ou\u00e7a e compartilhe nossas devocionais pelo <a href=\"https:\/\/open.spotify.com\/show\/7CG8DL9dgWZEgPzX3rnk51?si=1dbGejI2TQS16eamNjb2rA\">Spotify<\/a>!<\/p>\n<p>&nbsp;<\/p>\n<p><iframe loading=\"lazy\" style=\"border-radius: 12px;\" src=\"https:\/\/open.spotify.com\/embed\/show\/7CG8DL9dgWZEgPzX3rnk51?utm_source=generator&amp;theme=0\" width=\"100%\" height=\"152\" frameborder=\"0\" allowfullscreen=\"allowfullscreen\"><\/iframe><\/p>\n","protected":false},"excerpt":{"rendered":"<p>Perdoa os nossos pecados. (Sl 79.9) Dezenove anos depois que se tornou rei da Babil\u00f4nia, Nabucodonosor arrasou a cidade de Jerusal\u00e9m (586 a.C.). Os Salmos 74 e 79 descrevem com amargura o que aconteceu. Um deles relaciona acertadamente a trag\u00e9dia com os pecados da popula\u00e7\u00e3o e das autoridades anteriores \u00e0 invas\u00e3o babil\u00f4nica (Sl 79.8). Diante [&hellip;]<\/p>\n","protected":false},"author":21,"featured_media":163,"comment_status":"open","ping_status":"open","sticky":false,"template":"","format":"standard","meta":{"ngg_post_thumbnail":0,"footnotes":""},"categories":[5478],"tags":[],"class_list":["post-10207","post","type-post","status-publish","format-standard","has-post-thumbnail","hentry","category-elben-cesar"],"publishpress_future_action":{"enabled":false,"date":"2026-05-04 21:53:03","action":"change-status","newStatus":"draft","terms":[],"taxonomy":"category","extraData":[]},"publishpress_future_workflow_manual_trigger":{"enabledWorkflows":[]},"_links":{"self":[{"href":"https:\/\/ultimato.com.br\/sites\/devocional-diaria\/wp-json\/wp\/v2\/posts\/10207","targetHints":{"allow":["GET"]}}],"collection":[{"href":"https:\/\/ultimato.com.br\/sites\/devocional-diaria\/wp-json\/wp\/v2\/posts"}],"about":[{"href":"https:\/\/ultimato.com.br\/sites\/devocional-diaria\/wp-json\/wp\/v2\/types\/post"}],"author":[{"embeddable":true,"href":"https:\/\/ultimato.com.br\/sites\/devocional-diaria\/wp-json\/wp\/v2\/users\/21"}],"replies":[{"embeddable":true,"href":"https:\/\/ultimato.com.br\/sites\/devocional-diaria\/wp-json\/wp\/v2\/comments?post=10207"}],"version-history":[{"count":1,"href":"https:\/\/ultimato.com.br\/sites\/devocional-diaria\/wp-json\/wp\/v2\/posts\/10207\/revisions"}],"predecessor-version":[{"id":10208,"href":"https:\/\/ultimato.com.br\/sites\/devocional-diaria\/wp-json\/wp\/v2\/posts\/10207\/revisions\/10208"}],"wp:featuredmedia":[{"embeddable":true,"href":"https:\/\/ultimato.com.br\/sites\/devocional-diaria\/wp-json\/wp\/v2\/media\/163"}],"wp:attachment":[{"href":"https:\/\/ultimato.com.br\/sites\/devocional-diaria\/wp-json\/wp\/v2\/media?parent=10207"}],"wp:term":[{"taxonomy":"category","embeddable":true,"href":"https:\/\/ultimato.com.br\/sites\/devocional-diaria\/wp-json\/wp\/v2\/categories?post=10207"},{"taxonomy":"post_tag","embeddable":true,"href":"https:\/\/ultimato.com.br\/sites\/devocional-diaria\/wp-json\/wp\/v2\/tags?post=10207"}],"curies":[{"name":"wp","href":"https:\/\/api.w.org\/{rel}","templated":true}]}}