{"id":10205,"date":"2023-01-24T00:00:33","date_gmt":"2023-01-24T02:00:33","guid":{"rendered":"https:\/\/ultimato.com.br\/sites\/devocional-diaria\/?p=10205"},"modified":"2023-01-04T11:33:36","modified_gmt":"2023-01-04T13:33:36","slug":"jesus-e-o-que-tem-a-chave-3","status":"publish","type":"post","link":"https:\/\/ultimato.com.br\/sites\/devocional-diaria\/2023\/01\/24\/autor\/elben-cesar\/jesus-e-o-que-tem-a-chave-3\/","title":{"rendered":"Jesus \u00e9 o que tem a chave"},"content":{"rendered":"<p>Sou aquele que vive. Estive morto, mas agora estou vivo para todo o sempre! E tenho as chaves da morte e do Hades. (Apocalipse 1.18, NVI)<\/p>\n<p>Com quem est\u00e1 a chave da vida e a chave da morte? Com quem est\u00e1 a chave do Santo dos Santos? Com quem est\u00e1 a chave das portas da salva\u00e7\u00e3o e a chave das portas do inferno? Em que m\u00e3o est\u00e1 a chave que abre as portas de um povo n\u00e3o-alcan\u00e7ado para as miss\u00f5es? Com quem est\u00e3o as chaves do reino? Em que chaveiro est\u00e3o as chaves das masmorras, dos port\u00f5es de ferro, dos campos de concentra\u00e7\u00e3o? Onde est\u00e1 a chave do t\u00famulo e a chave da ressurrei\u00e7\u00e3o? Quem vai abrir os olhos de quem n\u00e3o quer enxergar e os ouvidos de quem n\u00e3o quer ouvir? Quem vai abrir o cora\u00e7\u00e3o de pedra para nele entrar a mensagem da salva\u00e7\u00e3o? Quem finalmente poder\u00e1 abrir a porta da vontade e do dom\u00ed\u00adnio pr\u00f3prio daqueles que hoje s\u00e3o dependentes do \u00e1lcool, do crack, da pornografia? Em que m\u00e3os est\u00e3o as chaves da alegria, da esperan\u00e7a, do otimismo, do entusiasmo?<\/p>\n<p>Para todos esses pedidos de socorro, h\u00e1 uma resposta. As chaves est\u00e3o nas m\u00e3os de uma \u00fanica pessoa, nas m\u00e3os de Jesus: \u201cO que ele abre ningu\u00e9m pode fechar, e o que ele fecha ningu\u00e9m pode abrir\u201d (Ap 3.7).<\/p>\n<p>\u2014 Sempre submisso \u00e0 sua soberania, pedirei ao que tem a chave para abrir as portas fechadas e fechar as abertas.<strong>\u00a0<\/strong><\/p>\n<p><strong>\u00a0<\/strong><\/p>\n<p><strong>&gt;&gt; Retirado de\u00a0<em><a href=\"https:\/\/www.ultimato.com.br\/loja\/produtos\/refeicoes-diarias-com-jesus\">Refei\u00e7\u00f5es Di\u00e1rias com Jesus<\/a><\/em> [Elben C\u00e9sar]. <\/strong><strong>Editora Ultimato.<\/strong><\/p>\n<p>Ou\u00e7a e compartilhe nossas devocionais pelo <a href=\"https:\/\/open.spotify.com\/show\/7CG8DL9dgWZEgPzX3rnk51?si=1dbGejI2TQS16eamNjb2rA\">Spotify<\/a>!<\/p>\n<p>&nbsp;<\/p>\n<p><iframe loading=\"lazy\" style=\"border-radius: 12px;\" src=\"https:\/\/open.spotify.com\/embed\/show\/7CG8DL9dgWZEgPzX3rnk51?utm_source=generator&amp;theme=0\" width=\"100%\" height=\"152\" frameborder=\"0\" allowfullscreen=\"allowfullscreen\"><\/iframe><\/p>\n","protected":false},"excerpt":{"rendered":"<p>Sou aquele que vive. Estive morto, mas agora estou vivo para todo o sempre! E tenho as chaves da morte e do Hades. (Apocalipse 1.18, NVI) Com quem est\u00e1 a chave da vida e a chave da morte? Com quem est\u00e1 a chave do Santo dos Santos? Com quem est\u00e1 a chave das portas da [&hellip;]<\/p>\n","protected":false},"author":21,"featured_media":164,"comment_status":"open","ping_status":"open","sticky":false,"template":"","format":"standard","meta":{"ngg_post_thumbnail":0,"footnotes":""},"categories":[5478],"tags":[],"class_list":["post-10205","post","type-post","status-publish","format-standard","has-post-thumbnail","hentry","category-elben-cesar"],"publishpress_future_action":{"enabled":false,"date":"2026-05-04 20:35:19","action":"change-status","newStatus":"draft","terms":[],"taxonomy":"category","extraData":[]},"publishpress_future_workflow_manual_trigger":{"enabledWorkflows":[]},"_links":{"self":[{"href":"https:\/\/ultimato.com.br\/sites\/devocional-diaria\/wp-json\/wp\/v2\/posts\/10205","targetHints":{"allow":["GET"]}}],"collection":[{"href":"https:\/\/ultimato.com.br\/sites\/devocional-diaria\/wp-json\/wp\/v2\/posts"}],"about":[{"href":"https:\/\/ultimato.com.br\/sites\/devocional-diaria\/wp-json\/wp\/v2\/types\/post"}],"author":[{"embeddable":true,"href":"https:\/\/ultimato.com.br\/sites\/devocional-diaria\/wp-json\/wp\/v2\/users\/21"}],"replies":[{"embeddable":true,"href":"https:\/\/ultimato.com.br\/sites\/devocional-diaria\/wp-json\/wp\/v2\/comments?post=10205"}],"version-history":[{"count":1,"href":"https:\/\/ultimato.com.br\/sites\/devocional-diaria\/wp-json\/wp\/v2\/posts\/10205\/revisions"}],"predecessor-version":[{"id":10206,"href":"https:\/\/ultimato.com.br\/sites\/devocional-diaria\/wp-json\/wp\/v2\/posts\/10205\/revisions\/10206"}],"wp:featuredmedia":[{"embeddable":true,"href":"https:\/\/ultimato.com.br\/sites\/devocional-diaria\/wp-json\/wp\/v2\/media\/164"}],"wp:attachment":[{"href":"https:\/\/ultimato.com.br\/sites\/devocional-diaria\/wp-json\/wp\/v2\/media?parent=10205"}],"wp:term":[{"taxonomy":"category","embeddable":true,"href":"https:\/\/ultimato.com.br\/sites\/devocional-diaria\/wp-json\/wp\/v2\/categories?post=10205"},{"taxonomy":"post_tag","embeddable":true,"href":"https:\/\/ultimato.com.br\/sites\/devocional-diaria\/wp-json\/wp\/v2\/tags?post=10205"}],"curies":[{"name":"wp","href":"https:\/\/api.w.org\/{rel}","templated":true}]}}