{"id":10203,"date":"2023-01-23T00:00:08","date_gmt":"2023-01-23T02:00:08","guid":{"rendered":"https:\/\/ultimato.com.br\/sites\/devocional-diaria\/?p=10203"},"modified":"2023-01-04T11:29:28","modified_gmt":"2023-01-04T13:29:28","slug":"maravilhas-hoje","status":"publish","type":"post","link":"https:\/\/ultimato.com.br\/sites\/devocional-diaria\/2023\/01\/23\/autor\/elben-cesar\/maravilhas-hoje\/","title":{"rendered":"Maravilhas hoje"},"content":{"rendered":"<p>Cantem ao Eterno uma nov\u00edssima can\u00e7\u00e3o. Ele fez um mundo de maravilhas!\u00a0(Sl 98.1)<\/p>\n<p>\u201cSe o Eterno est\u00e1 com o nosso povo, por que est\u00e1 acontecendo tudo isso\u00a0com a gente? Onde est\u00e3o aquelas coisas maravilhosas que os nossos antepassados\u00a0nos contaram que o Eterno costumava fazer quando nos trouxe do\u00a0Egito?\u201d (Jz 6.13). A pergunta de Gide\u00e3o tem cabimento? Se havia maravilhas\u00a0ontem, por que n\u00e3o h\u00e1 maravilhas hoje? Maravilhas passadas n\u00e3o substituem\u00a0maravilhas presentes. \u201cPor que s\u00f3 nossos antepassados veriam maravilhas?\u00a0Queremos maravilhas hoje\u201d, dizia Gide\u00e3o.<\/p>\n<p>O que corta as maravilhas divinas \u00e9 o pecado, o abandono de Deus, a\u00a0ado\u00e7\u00e3o de novos deuses e de novos cultos. Isso est\u00e1 patente em toda a B\u00edblia,\u00a0especialmente no livro que conta a hist\u00f3ria dos primeiros 450 anos do povo\u00a0judeu, depois da posse da terra prometida e antes da monarquia (At 13.20).\u00a0V\u00e1rias vezes, no livro de Ju\u00edzes, o povo fazia o que era mau aos olhos do\u00a0Senhor e este suspendia suas maravilhas. Ap\u00f3s alguns anos de humilha\u00e7\u00e3o,\u00a0opress\u00e3o estrangeira e muita dor, o povo ca\u00eda em si e se arrependia dos seus\u00a0pecados. Ent\u00e3o as maravilhas voltavam. Gide\u00e3o mesmo viu muitas maravilhas:\u00a0o fogo que consumiu a carne e os bolos asmos oferecidos ao Senhor;\u00a0a l\u00e3 encharcada de \u00e1gua enquanto a eira estava seca; a l\u00e3 seca enquanto a\u00a0eira estava coberta de orvalho; e a estrondosa vit\u00f3ria sobre os midianitas,\u00a0apesar do reduzido n\u00famero de soldados israelitas (Jz 6\u20137). O reatamento\u00a0das boas rela\u00e7\u00f5es de Israel com Deus abriu outra vez as portas das famosas\u00a0maravilhas que o Senhor opera.<\/p>\n<p>Maravilhas hoje s\u00e3o poss\u00edveis. Elas formam um precioso patrim\u00f4nio que\u00a0enriquece a vida religiosa, impedindo que se viva s\u00f3 de gratas recorda\u00e7\u00f5es.\u00a0Deus repetir\u00e1 suas maravilhas de gera\u00e7\u00e3o em gera\u00e7\u00e3o, desde que o homem\u00a0n\u00e3o se aparte dele.<\/p>\n<p>&nbsp;<\/p>\n<p><strong>&gt;&gt; Retirado de\u00a0<em><a href=\"https:\/\/www.ultimato.com.br\/loja\/produtos\/cuide-das-raizes-espere-pelos-frutos\">Cuide das Ra\u00edzes, Espere pelos Frutos<\/a><\/em>, [Elben C\u00e9sar]. <\/strong><strong>Editora Ultimato.<\/strong><\/p>\n<p>Ou\u00e7a e compartilhe nossas devocionais pelo <a href=\"https:\/\/open.spotify.com\/show\/7CG8DL9dgWZEgPzX3rnk51?si=1dbGejI2TQS16eamNjb2rA\">Spotify<\/a>!<\/p>\n<p>&nbsp;<\/p>\n<p><iframe loading=\"lazy\" style=\"border-radius: 12px;\" src=\"https:\/\/open.spotify.com\/embed\/show\/7CG8DL9dgWZEgPzX3rnk51?utm_source=generator&amp;theme=0\" width=\"100%\" height=\"152\" frameborder=\"0\" allowfullscreen=\"allowfullscreen\"><\/iframe><\/p>\n","protected":false},"excerpt":{"rendered":"<p>Cantem ao Eterno uma nov\u00edssima can\u00e7\u00e3o. Ele fez um mundo de maravilhas!\u00a0(Sl 98.1) \u201cSe o Eterno est\u00e1 com o nosso povo, por que est\u00e1 acontecendo tudo isso\u00a0com a gente? Onde est\u00e3o aquelas coisas maravilhosas que os nossos antepassados\u00a0nos contaram que o Eterno costumava fazer quando nos trouxe do\u00a0Egito?\u201d (Jz 6.13). A pergunta de Gide\u00e3o tem [&hellip;]<\/p>\n","protected":false},"author":21,"featured_media":165,"comment_status":"open","ping_status":"open","sticky":false,"template":"","format":"standard","meta":{"ngg_post_thumbnail":0,"footnotes":""},"categories":[5478],"tags":[],"class_list":["post-10203","post","type-post","status-publish","format-standard","has-post-thumbnail","hentry","category-elben-cesar"],"publishpress_future_action":{"enabled":false,"date":"2026-05-04 19:12:13","action":"change-status","newStatus":"draft","terms":[],"taxonomy":"category","extraData":[]},"publishpress_future_workflow_manual_trigger":{"enabledWorkflows":[]},"_links":{"self":[{"href":"https:\/\/ultimato.com.br\/sites\/devocional-diaria\/wp-json\/wp\/v2\/posts\/10203","targetHints":{"allow":["GET"]}}],"collection":[{"href":"https:\/\/ultimato.com.br\/sites\/devocional-diaria\/wp-json\/wp\/v2\/posts"}],"about":[{"href":"https:\/\/ultimato.com.br\/sites\/devocional-diaria\/wp-json\/wp\/v2\/types\/post"}],"author":[{"embeddable":true,"href":"https:\/\/ultimato.com.br\/sites\/devocional-diaria\/wp-json\/wp\/v2\/users\/21"}],"replies":[{"embeddable":true,"href":"https:\/\/ultimato.com.br\/sites\/devocional-diaria\/wp-json\/wp\/v2\/comments?post=10203"}],"version-history":[{"count":1,"href":"https:\/\/ultimato.com.br\/sites\/devocional-diaria\/wp-json\/wp\/v2\/posts\/10203\/revisions"}],"predecessor-version":[{"id":10204,"href":"https:\/\/ultimato.com.br\/sites\/devocional-diaria\/wp-json\/wp\/v2\/posts\/10203\/revisions\/10204"}],"wp:featuredmedia":[{"embeddable":true,"href":"https:\/\/ultimato.com.br\/sites\/devocional-diaria\/wp-json\/wp\/v2\/media\/165"}],"wp:attachment":[{"href":"https:\/\/ultimato.com.br\/sites\/devocional-diaria\/wp-json\/wp\/v2\/media?parent=10203"}],"wp:term":[{"taxonomy":"category","embeddable":true,"href":"https:\/\/ultimato.com.br\/sites\/devocional-diaria\/wp-json\/wp\/v2\/categories?post=10203"},{"taxonomy":"post_tag","embeddable":true,"href":"https:\/\/ultimato.com.br\/sites\/devocional-diaria\/wp-json\/wp\/v2\/tags?post=10203"}],"curies":[{"name":"wp","href":"https:\/\/api.w.org\/{rel}","templated":true}]}}