{"id":10201,"date":"2023-01-22T00:00:12","date_gmt":"2023-01-22T02:00:12","guid":{"rendered":"https:\/\/ultimato.com.br\/sites\/devocional-diaria\/?p=10201"},"modified":"2023-01-04T11:26:18","modified_gmt":"2023-01-04T13:26:18","slug":"passos-para-aproveitarmos-a-tristeza","status":"publish","type":"post","link":"https:\/\/ultimato.com.br\/sites\/devocional-diaria\/2023\/01\/22\/autor\/stanley-jones\/passos-para-aproveitarmos-a-tristeza\/","title":{"rendered":"Passos para aproveitarmos a tristeza"},"content":{"rendered":"<p>(Isa\u00edas 9.2-3; 38.17-18; 43.2)<\/p>\n<p>O salmista diz: \u201cUma praga terr\u00edvel o derrubou\u201d (Sl 41.8). Contudo, nenhuma\u00a0praga precisa ser terr\u00edvel, a menos que voc\u00ea permita. Novamente, o salmista diz:\u00a0\u201cQuando me lembro destas coisas choro angustiado\u201d (Sl 42.4). Por\u00e9m, a ang\u00fastia\u00a0n\u00e3o precisa provocar choro, se voc\u00ea n\u00e3o a guardar s\u00f3 para si. Traga a ang\u00fastia \u00e0\u00a0luz e encare-a.\u00a0Siga estes passos:<\/p>\n<p>(1) <em>Traga a tristeza \u00e0 luz e encare-a com franqueza. <\/em>O simples fato\u00a0de traz\u00ea-la \u00e0 tona j\u00e1 a purifica.<\/p>\n<p>(2) <em>Fa\u00e7a tudo que voc\u00ea souber para remov\u00ea-la. <\/em>Ou\u00e7a a\u00a0voz de Deus, que pode dizer o que voc\u00ea deve fazer.<\/p>\n<p>(3) <em>Coloque a tristeza nas m\u00e3os\u00a0de Deus e deixe-a ali. <\/em>Em seu cora\u00e7\u00e3o, ela se agrava; nas m\u00e3os de Deus, torna-se\u00a0\u00fatil. N\u00e3o a entregue a Deus hoje e a tome de volta amanh\u00e3. Diga a si mesmo:\u00a0\u201cMinha tristeza pertence a Deus\u201d.<\/p>\n<p>(4) <em>Fale sobre a sua tristeza com algum amigo, mas\u00a0n\u00e3o a \u201cdistribua\u201d. <\/em>Uma tristeza compartilhada \u00e9 uma tristeza reduzida pela metade;\u00a0mas, uma vez compartilhada, n\u00e3o fale sobre ela com muitas pessoas. Voc\u00ea estar\u00e1\u00a0suscet\u00edvel a ficar triste.<\/p>\n<p>(5) <em>N\u00e3o use, consciente ou inconscientemente, a coroa de um m\u00e1rtir.\u00a0<\/em>N\u00e3o suplique por simpatia. Voc\u00ea est\u00e1 suscet\u00edvel a exagerar o seu problema para\u00a0obter mais simpatia. O simples uso da coroa de m\u00e1rtir por pouco tempo pode\u00a0abrir a porta para o complexo de m\u00e1rtir.<\/p>\n<p>(6) <em>Quando come\u00e7ar a sentir pena de si mesmo,\u00a0v\u00e1 at\u00e9 o espelho e comece a rir de voc\u00ea. <\/em>Enquanto puder fazer isso, voc\u00ea estar\u00e1 bem.<\/p>\n<p>(7) <em>Sorria diante do mundo, mesmo quando n\u00e3o tiver vontade de fazer isso \u2013 sorria, a princ\u00edpio.\u00a0<\/em><\/p>\n<p>(8) <em>Ore n\u00e3o por liberta\u00e7\u00e3o, mas pedindo poder para usar a tristeza, e a liberta\u00e7\u00e3o vir\u00e1 como\u00a0consequ\u00eancia. <\/em>O irm\u00e3o Lawrence disse que, quando orava por liberta\u00e7\u00e3o, ele n\u00e3o a\u00a0recebia, mas a liberta\u00e7\u00e3o vinha quando ele orava pedindo poder para suportar as\u00a0coisas.<\/p>\n<p>(9) <em>N\u00e3o ore pedindo poder para suportar as coisas<\/em>; <em>ore pedindo poder para <\/em>usar <em>as\u00a0coisas<\/em>. Adote a posi\u00e7\u00e3o da ofensiva.<\/p>\n<p>(10) <em>Sua maior contribui\u00e7\u00e3o \u00e9 mostrar bom esp\u00edrito\u00a0por meio de tudo que acontece. <\/em>O importante n\u00e3o \u00e9 o que acontece, mas o modo como\u00a0voc\u00ea reage aos acontecimentos.<\/p>\n<p><em>\u00d3 Cristo, sei que \u00e9s a minha sa\u00edda, pois passaste por tudo e venceste tudo por ti mesmo \u2013\u00a0e por mim. Em ti, n\u00e3o posso descer. Subirei, e subirei sorrindo. Minha alegria n\u00e3o est\u00e1\u00a0nas circunst\u00e2ncias \u2013 minha alegria est\u00e1 em ti. Am\u00e9m.\u00a0<\/em><\/p>\n<p>Afirma\u00e7\u00e3o do dia: \u201cQue eu ande diante de Deus na luz que ilumina os vivos\u201d\u00a0(Sl 56.13).<strong>\u00a0<\/strong><\/p>\n<p><strong>\u00a0<\/strong><\/p>\n<p><strong>&gt;&gt; Retirado de\u00a0<em><a href=\"https:\/\/www.ultimato.com.br\/loja\/produtos\/o-caminho\">O Caminho<\/a><\/em> [Stanley Jones]. Editora Ultimato.<\/strong><\/p>\n<p>Ou\u00e7a e compartilhe nossas devocionais pelo <a href=\"https:\/\/open.spotify.com\/show\/7CG8DL9dgWZEgPzX3rnk51?si=1dbGejI2TQS16eamNjb2rA\">Spotify<\/a>!<\/p>\n<p>&nbsp;<\/p>\n<p><iframe loading=\"lazy\" style=\"border-radius: 12px;\" src=\"https:\/\/open.spotify.com\/embed\/show\/7CG8DL9dgWZEgPzX3rnk51?utm_source=generator&amp;theme=0\" width=\"100%\" height=\"152\" frameborder=\"0\" allowfullscreen=\"allowfullscreen\"><\/iframe><\/p>\n","protected":false},"excerpt":{"rendered":"<p>(Isa\u00edas 9.2-3; 38.17-18; 43.2) O salmista diz: \u201cUma praga terr\u00edvel o derrubou\u201d (Sl 41.8). Contudo, nenhuma\u00a0praga precisa ser terr\u00edvel, a menos que voc\u00ea permita. Novamente, o salmista diz:\u00a0\u201cQuando me lembro destas coisas choro angustiado\u201d (Sl 42.4). Por\u00e9m, a ang\u00fastia\u00a0n\u00e3o precisa provocar choro, se voc\u00ea n\u00e3o a guardar s\u00f3 para si. Traga a ang\u00fastia \u00e0\u00a0luz e [&hellip;]<\/p>\n","protected":false},"author":21,"featured_media":166,"comment_status":"open","ping_status":"open","sticky":false,"template":"","format":"standard","meta":{"ngg_post_thumbnail":0,"footnotes":""},"categories":[40852],"tags":[],"class_list":["post-10201","post","type-post","status-publish","format-standard","has-post-thumbnail","hentry","category-stanley-jones"],"publishpress_future_action":{"enabled":false,"date":"2026-05-04 17:48:38","action":"change-status","newStatus":"draft","terms":[],"taxonomy":"category","extraData":[]},"publishpress_future_workflow_manual_trigger":{"enabledWorkflows":[]},"_links":{"self":[{"href":"https:\/\/ultimato.com.br\/sites\/devocional-diaria\/wp-json\/wp\/v2\/posts\/10201","targetHints":{"allow":["GET"]}}],"collection":[{"href":"https:\/\/ultimato.com.br\/sites\/devocional-diaria\/wp-json\/wp\/v2\/posts"}],"about":[{"href":"https:\/\/ultimato.com.br\/sites\/devocional-diaria\/wp-json\/wp\/v2\/types\/post"}],"author":[{"embeddable":true,"href":"https:\/\/ultimato.com.br\/sites\/devocional-diaria\/wp-json\/wp\/v2\/users\/21"}],"replies":[{"embeddable":true,"href":"https:\/\/ultimato.com.br\/sites\/devocional-diaria\/wp-json\/wp\/v2\/comments?post=10201"}],"version-history":[{"count":1,"href":"https:\/\/ultimato.com.br\/sites\/devocional-diaria\/wp-json\/wp\/v2\/posts\/10201\/revisions"}],"predecessor-version":[{"id":10202,"href":"https:\/\/ultimato.com.br\/sites\/devocional-diaria\/wp-json\/wp\/v2\/posts\/10201\/revisions\/10202"}],"wp:featuredmedia":[{"embeddable":true,"href":"https:\/\/ultimato.com.br\/sites\/devocional-diaria\/wp-json\/wp\/v2\/media\/166"}],"wp:attachment":[{"href":"https:\/\/ultimato.com.br\/sites\/devocional-diaria\/wp-json\/wp\/v2\/media?parent=10201"}],"wp:term":[{"taxonomy":"category","embeddable":true,"href":"https:\/\/ultimato.com.br\/sites\/devocional-diaria\/wp-json\/wp\/v2\/categories?post=10201"},{"taxonomy":"post_tag","embeddable":true,"href":"https:\/\/ultimato.com.br\/sites\/devocional-diaria\/wp-json\/wp\/v2\/tags?post=10201"}],"curies":[{"name":"wp","href":"https:\/\/api.w.org\/{rel}","templated":true}]}}