{"id":10197,"date":"2023-01-20T00:00:33","date_gmt":"2023-01-20T02:00:33","guid":{"rendered":"https:\/\/ultimato.com.br\/sites\/devocional-diaria\/?p=10197"},"modified":"2023-01-04T11:20:18","modified_gmt":"2023-01-04T13:20:18","slug":"passado-presente-e-futuro","status":"publish","type":"post","link":"https:\/\/ultimato.com.br\/sites\/devocional-diaria\/2023\/01\/20\/autor\/elben-cesar\/passado-presente-e-futuro\/","title":{"rendered":"Passado, presente e futuro"},"content":{"rendered":"<p>No passado Deus n\u00e3o levou em conta essa ignor\u00e2ncia. Mas agora [&#8230;] (At 17.30)<\/p>\n<p>\u201cNo passado\u201d (NTLH, NVI) ou \u201cnos tempos da ignor\u00e2ncia\u201d (RA), Deus\u00a0em sua miseric\u00f3rdia n\u00e3o levou em conta o que as na\u00e7\u00f5es gentias pensavam\u00a0a respeito dele, confundindo-o com uma infinidade de deuses e de \u00eddolos\u00a0feitos de ouro, prata e pedra. Ele \u201ctolerou a ignor\u00e2ncia passada do homem a\u00a0respeito destas coisas\u201d (NBV) como que \u201cfechando os olhos\u201d sobre elas (CT).\u00a0Paulo j\u00e1 havia afirmado isto na cidade de Listra, por ocasi\u00e3o da primeira\u00a0viagem mission\u00e1ria: \u201cNo <em>passado <\/em>Deus deixou que todos os povos andassem\u00a0nos seus pr\u00f3prios caminhos\u201d (At 14.16).<\/p>\n<p>Mas agora, no <em>presente<\/em>, por terem mais luz e mais informa\u00e7\u00e3o, esses\u00a0mesmos povos deveriam se arrepender de tudo e mudar de vida. \u201cEstamos\u00a0aqui\u201d \u2014 dizia Paulo \u00e0 multid\u00e3o de Listra \u2014 \u201canunciando o evangelho a voc\u00eas\u00a0para que abandonem essas coisas que n\u00e3o servem para nada\u201d (14.15). Ontem\u00a0era uma coisa, hoje \u00e9 outra. No presente \u2014 o dia da salva\u00e7\u00e3o (2Co 6.2) \u2014\u00a0Deus est\u00e1 revelando a sua gra\u00e7a para dar a salva\u00e7\u00e3o a todos. \u201cEssa gra\u00e7a nos\u00a0ensina a abandonarmos a descren\u00e7a e as paix\u00f5es mundanas e a vivermos\u00a0neste mundo uma vida prudente, correta e dedicada a Deus\u201d (Tt 2.11-12).<\/p>\n<p>Mas no <em>futuro<\/em>, fechada a porta da salva\u00e7\u00e3o, n\u00e3o adiantar\u00e1 nada gritar:\u00a0\u201cSenhor, Senhor, nos deixe entrar!\u201d (Mt 25.11). N\u00e3o adiantar\u00e1 nada, porque\u00a0a resposta dele a todos os que carregam lamparinas apagadas, a todos os\u00a0despreparados, a todos os atrasados e a todos os estranhos ser\u00e1 a mesma: \u201cEu\u00a0afirmo a voc\u00eas que isso \u00e9 verdade: eu n\u00e3o sei quem s\u00e3o voc\u00eas\u201d (Mt 25.11-12).\u00a0Ent\u00e3o, nada mais restar\u00e1, sen\u00e3o \u201co fogo que nunca se apaga\u201d (Mc 9.43).<strong>\u00a0<\/strong><\/p>\n<p><strong>\u00a0<\/strong><\/p>\n<p><strong>&gt;&gt; Retirado de\u00a0<em><a href=\"https:\/\/www.ultimato.com.br\/loja\/produtos\/refeicoes-diarias\">Refei\u00e7\u00f5es Di\u00e1rias \u2013 no partir do p\u00e3o e na ora\u00e7\u00e3o<\/a><\/em> [Elben C\u00e9sar]. <\/strong><strong>Editora Ultimato.<\/strong><strong>\u00a0<\/strong><\/p>\n<p>Ou\u00e7a e compartilhe nossas devocionais pelo <a href=\"https:\/\/open.spotify.com\/show\/7CG8DL9dgWZEgPzX3rnk51?si=1dbGejI2TQS16eamNjb2rA\">Spotify<\/a>!<\/p>\n<p>&nbsp;<\/p>\n<p><iframe loading=\"lazy\" style=\"border-radius: 12px;\" src=\"https:\/\/open.spotify.com\/embed\/show\/7CG8DL9dgWZEgPzX3rnk51?utm_source=generator&amp;theme=0\" width=\"100%\" height=\"152\" frameborder=\"0\" allowfullscreen=\"allowfullscreen\"><\/iframe><\/p>\n","protected":false},"excerpt":{"rendered":"<p>No passado Deus n\u00e3o levou em conta essa ignor\u00e2ncia. Mas agora [&#8230;] (At 17.30) \u201cNo passado\u201d (NTLH, NVI) ou \u201cnos tempos da ignor\u00e2ncia\u201d (RA), Deus\u00a0em sua miseric\u00f3rdia n\u00e3o levou em conta o que as na\u00e7\u00f5es gentias pensavam\u00a0a respeito dele, confundindo-o com uma infinidade de deuses e de \u00eddolos\u00a0feitos de ouro, prata e pedra. Ele \u201ctolerou [&hellip;]<\/p>\n","protected":false},"author":21,"featured_media":161,"comment_status":"open","ping_status":"open","sticky":false,"template":"","format":"standard","meta":{"ngg_post_thumbnail":0,"footnotes":""},"categories":[5478],"tags":[],"class_list":["post-10197","post","type-post","status-publish","format-standard","has-post-thumbnail","hentry","category-elben-cesar"],"publishpress_future_action":{"enabled":false,"date":"2026-05-04 20:36:22","action":"change-status","newStatus":"draft","terms":[],"taxonomy":"category","extraData":[]},"publishpress_future_workflow_manual_trigger":{"enabledWorkflows":[]},"_links":{"self":[{"href":"https:\/\/ultimato.com.br\/sites\/devocional-diaria\/wp-json\/wp\/v2\/posts\/10197","targetHints":{"allow":["GET"]}}],"collection":[{"href":"https:\/\/ultimato.com.br\/sites\/devocional-diaria\/wp-json\/wp\/v2\/posts"}],"about":[{"href":"https:\/\/ultimato.com.br\/sites\/devocional-diaria\/wp-json\/wp\/v2\/types\/post"}],"author":[{"embeddable":true,"href":"https:\/\/ultimato.com.br\/sites\/devocional-diaria\/wp-json\/wp\/v2\/users\/21"}],"replies":[{"embeddable":true,"href":"https:\/\/ultimato.com.br\/sites\/devocional-diaria\/wp-json\/wp\/v2\/comments?post=10197"}],"version-history":[{"count":1,"href":"https:\/\/ultimato.com.br\/sites\/devocional-diaria\/wp-json\/wp\/v2\/posts\/10197\/revisions"}],"predecessor-version":[{"id":10198,"href":"https:\/\/ultimato.com.br\/sites\/devocional-diaria\/wp-json\/wp\/v2\/posts\/10197\/revisions\/10198"}],"wp:featuredmedia":[{"embeddable":true,"href":"https:\/\/ultimato.com.br\/sites\/devocional-diaria\/wp-json\/wp\/v2\/media\/161"}],"wp:attachment":[{"href":"https:\/\/ultimato.com.br\/sites\/devocional-diaria\/wp-json\/wp\/v2\/media?parent=10197"}],"wp:term":[{"taxonomy":"category","embeddable":true,"href":"https:\/\/ultimato.com.br\/sites\/devocional-diaria\/wp-json\/wp\/v2\/categories?post=10197"},{"taxonomy":"post_tag","embeddable":true,"href":"https:\/\/ultimato.com.br\/sites\/devocional-diaria\/wp-json\/wp\/v2\/tags?post=10197"}],"curies":[{"name":"wp","href":"https:\/\/api.w.org\/{rel}","templated":true}]}}