{"id":10193,"date":"2023-01-18T00:00:12","date_gmt":"2023-01-18T02:00:12","guid":{"rendered":"https:\/\/ultimato.com.br\/sites\/devocional-diaria\/?p=10193"},"modified":"2023-01-04T11:13:48","modified_gmt":"2023-01-04T13:13:48","slug":"batismo-e-purificacao-2","status":"publish","type":"post","link":"https:\/\/ultimato.com.br\/sites\/devocional-diaria\/2023\/01\/18\/autor\/elben-cesar\/batismo-e-purificacao-2\/","title":{"rendered":"Batismo e purifica\u00e7\u00e3o"},"content":{"rendered":"<p>Esse batismo n\u00e3o \u00e9 lavar a sujeira do corpo. (1Pe 3.21)<\/p>\n<p>A sujeira do corpo \u00e9 f\u00e1cil de tirar. Basta uma boa chuveirada. J\u00e1 a sujeira da\u00a0alma depende do sacrif\u00edcio vic\u00e1rio de Jesus. Tanto Jo\u00e3o, o precursor, como\u00a0Jo\u00e3o, o ap\u00f3stolo, s\u00e3o un\u00e2nimes a respeito disso. O primeiro diz que Jesus \u00e9 o\u00a0Cordeiro de Deus que \u201ctira o pecado do mundo\u201d (Jo 1.29), e o segundo diz\u00a0\u201co sangue de Jesus&#8230; nos limpa de todo pecado\u201d (1Jo 1.7). N\u00e3o \u00e9 a \u00e1gua do\u00a0batismo que tira, remove ou elimina a sujeira interior. Isso deve acontecer antes\u00a0do batismo. Enquanto a cerim\u00f4nia do batismo \u00e9 algo objetivo, a realidade da\u00a0purifica\u00e7\u00e3o \u00e9 algo subjetivo.<\/p>\n<p>O batismo acontece uma vez s\u00f3; \u00e9 uma esp\u00e9cie de cerim\u00f4nia de diploma\u00e7\u00e3o.\u00a0Muitas e seguidas purifica\u00e7\u00f5es de alma devem acontecer depois da\u00a0purifica\u00e7\u00e3o inicial.<\/p>\n<p>A consci\u00eancia limpa \u00e9 o resultado da purifica\u00e7\u00e3o interior. Se h\u00e1 consci\u00eancia limpa, a consci\u00eancia suja est\u00e1 subentendida. A responsabilidade do crente \u00e9 manter a consci\u00eancia limpa tanto quanto ele mant\u00e9m limpo o seu corpo, limpa a sua roupa e o seu ambiente. \u00c9 uma incoer\u00eancia, um desprop\u00f3sito, um absurdo, uma hipocrisia, como Jesus afirma, lavar o copo ou o prato s\u00f3 por fora, deixando o interior do copo ou do prato sujo (Mt 23.25).<\/p>\n<p>\u00c9 preciso ficar bem claro que \u201ca for\u00e7a do batismo n\u00e3o \u00e9 eliminar a imund\u00edcie\u00a0carnal, mas impetrar de Deus uma boa consci\u00eancia mediante a ressurrei\u00e7\u00e3o\u00a0de Jesus Cristo\u201d (1Pe 3.21, CT). Ou, como diz outra vers\u00e3o, \u201cn\u00e3o consiste\u00a0numa purifica\u00e7\u00e3o corporal, mas em edificar a Deus uma boa consci\u00eancia\u201d\u00a0(HR). Quando o batismo \u00e9 sin\u00f4nimo de purifica\u00e7\u00e3o da alma e n\u00e3o do corpo,\u00a0esse \u201cbatismo\u201d pode ser renovado ou experimentado sempre que necess\u00e1rio!<\/p>\n<p>Quero um batismo na alma e n\u00e3o no corpo!<strong>\u00a0<\/strong><\/p>\n<p><strong>\u00a0<\/strong><\/p>\n<p><strong>&gt;&gt; Retirado de\u00a0<em><a href=\"https:\/\/www.ultimato.com.br\/loja\/produtos\/refeicoes-diarias-com-os-discipulos\">Refei\u00e7\u00f5es Di\u00e1rias com os Disc\u00edpulos<\/a><\/em> [Elben C\u00e9sar]. <\/strong><strong>Editora Ultimato.<\/strong><strong>\u00a0<\/strong><\/p>\n<p>Ou\u00e7a e compartilhe nossas devocionais pelo <a href=\"https:\/\/open.spotify.com\/show\/7CG8DL9dgWZEgPzX3rnk51?si=1dbGejI2TQS16eamNjb2rA\">Spotify<\/a>!<\/p>\n<p>&nbsp;<\/p>\n<p><iframe loading=\"lazy\" style=\"border-radius: 12px;\" src=\"https:\/\/open.spotify.com\/embed\/show\/7CG8DL9dgWZEgPzX3rnk51?utm_source=generator&amp;theme=0\" width=\"100%\" height=\"152\" frameborder=\"0\" allowfullscreen=\"allowfullscreen\"><\/iframe><\/p>\n","protected":false},"excerpt":{"rendered":"<p>Esse batismo n\u00e3o \u00e9 lavar a sujeira do corpo. (1Pe 3.21) A sujeira do corpo \u00e9 f\u00e1cil de tirar. Basta uma boa chuveirada. J\u00e1 a sujeira da\u00a0alma depende do sacrif\u00edcio vic\u00e1rio de Jesus. Tanto Jo\u00e3o, o precursor, como\u00a0Jo\u00e3o, o ap\u00f3stolo, s\u00e3o un\u00e2nimes a respeito disso. O primeiro diz que Jesus \u00e9 o\u00a0Cordeiro de Deus que [&hellip;]<\/p>\n","protected":false},"author":21,"featured_media":163,"comment_status":"open","ping_status":"open","sticky":false,"template":"","format":"standard","meta":{"ngg_post_thumbnail":0,"footnotes":""},"categories":[5478],"tags":[],"class_list":["post-10193","post","type-post","status-publish","format-standard","has-post-thumbnail","hentry","category-elben-cesar"],"publishpress_future_action":{"enabled":false,"date":"2026-05-04 21:52:21","action":"change-status","newStatus":"draft","terms":[],"taxonomy":"category","extraData":[]},"publishpress_future_workflow_manual_trigger":{"enabledWorkflows":[]},"_links":{"self":[{"href":"https:\/\/ultimato.com.br\/sites\/devocional-diaria\/wp-json\/wp\/v2\/posts\/10193","targetHints":{"allow":["GET"]}}],"collection":[{"href":"https:\/\/ultimato.com.br\/sites\/devocional-diaria\/wp-json\/wp\/v2\/posts"}],"about":[{"href":"https:\/\/ultimato.com.br\/sites\/devocional-diaria\/wp-json\/wp\/v2\/types\/post"}],"author":[{"embeddable":true,"href":"https:\/\/ultimato.com.br\/sites\/devocional-diaria\/wp-json\/wp\/v2\/users\/21"}],"replies":[{"embeddable":true,"href":"https:\/\/ultimato.com.br\/sites\/devocional-diaria\/wp-json\/wp\/v2\/comments?post=10193"}],"version-history":[{"count":1,"href":"https:\/\/ultimato.com.br\/sites\/devocional-diaria\/wp-json\/wp\/v2\/posts\/10193\/revisions"}],"predecessor-version":[{"id":10194,"href":"https:\/\/ultimato.com.br\/sites\/devocional-diaria\/wp-json\/wp\/v2\/posts\/10193\/revisions\/10194"}],"wp:featuredmedia":[{"embeddable":true,"href":"https:\/\/ultimato.com.br\/sites\/devocional-diaria\/wp-json\/wp\/v2\/media\/163"}],"wp:attachment":[{"href":"https:\/\/ultimato.com.br\/sites\/devocional-diaria\/wp-json\/wp\/v2\/media?parent=10193"}],"wp:term":[{"taxonomy":"category","embeddable":true,"href":"https:\/\/ultimato.com.br\/sites\/devocional-diaria\/wp-json\/wp\/v2\/categories?post=10193"},{"taxonomy":"post_tag","embeddable":true,"href":"https:\/\/ultimato.com.br\/sites\/devocional-diaria\/wp-json\/wp\/v2\/tags?post=10193"}],"curies":[{"name":"wp","href":"https:\/\/api.w.org\/{rel}","templated":true}]}}