{"id":10191,"date":"2023-01-17T00:00:33","date_gmt":"2023-01-17T02:00:33","guid":{"rendered":"https:\/\/ultimato.com.br\/sites\/devocional-diaria\/?p=10191"},"modified":"2023-01-04T10:56:08","modified_gmt":"2023-01-04T12:56:08","slug":"a-beira-da-morte","status":"publish","type":"post","link":"https:\/\/ultimato.com.br\/sites\/devocional-diaria\/2023\/01\/17\/autor\/elben-cesar\/a-beira-da-morte\/","title":{"rendered":"\u00c0 beira da morte"},"content":{"rendered":"<p>Meu vigor secou-se como um caco de barro, e a minha l\u00edngua gruda no c\u00e9u da boca; deixaste-me no p\u00f3, \u00e0 beira da morte. (Sl 22.15)<\/p>\n<p>Em certo sentido, todos estamos \u201c\u00e0 beira da morte\u201d (Sl 22.15), j\u00e1 que n\u00e3o h\u00e1 nada entre a vida e a morte. H\u00e1 outros cap\u00edtulos depois da morte, mas a vida \u00e9 o cap\u00edtulo um e a morte \u00e9 o cap\u00edtulo dois.<\/p>\n<p>Desde o ventre materno estamos \u00e0 beira da morte. Basta viver. A morte mora ao lado. \u00c9 a vizinha mais pr\u00f3xima. N\u00e3o temos como mand\u00e1-la embora, n\u00e3o temos como deport\u00e1-la. Nesse sentido estamos todos no corredor da morte.<\/p>\n<p>A express\u00e3o \u201c\u00e0 beira da morte\u201d torna-se menos gen\u00e9rica e mais par\u00adticular, menos rom\u00e2ntica e mais apavorante quando estamos em uma situa\u00e7\u00e3o de perigo. Quando temos uma doen\u00e7a grave, quando algu\u00e9m quer nos tirar a vida, quando vivemos em tempo de guerra e na \u00e1rea do conflito, quando esbanjamos a sa\u00fade em troca de alguns prazeres de valor duvidoso.<\/p>\n<p>Em alguns casos, a proximidade da morte n\u00e3o inquieta, n\u00e3o aterroriza. Ao contr\u00e1rio \u00e9 desejada, \u00e9 saudada com alegria. \u00c9 o caso de alguns idosos j\u00e1 cansados de viver. \u00c9 o caso de alguns doentes terminais j\u00e1 cansados de sofrer. \u00c9 o caso de alguns crentes j\u00e1 cansados de esperar a \u201ccasa eterna, n\u00e3o constru\u00edda por m\u00e3os humanas\u201d (2Co 5.1). Talvez seja poss\u00edvel arrolar o velho Sime\u00e3o no primeiro grupo (Lc 2.25-32). J\u00f3 certamente pertence ao segundo grupo (J\u00f3 7.15-16) e Paulo, ao terceiro (Fp 1.23).<strong>\u00a0<\/strong><\/p>\n<p><strong>\u00a0<\/strong><\/p>\n<p><strong>&gt;&gt; Retirado de\u00a0<em><a href=\"https:\/\/www.ultimato.com.br\/loja\/produtos\/um-ano-com-os-salmos\">Um Ano com os Salmos<\/a><\/em> [Elben C\u00e9sar]. <\/strong><strong>Editora Ultimato.<\/strong><strong>\u00a0<\/strong><\/p>\n<p>Ou\u00e7a e compartilhe nossas devocionais pelo <a href=\"https:\/\/open.spotify.com\/show\/7CG8DL9dgWZEgPzX3rnk51?si=1dbGejI2TQS16eamNjb2rA\">Spotify<\/a>!<\/p>\n<p>&nbsp;<\/p>\n<p><iframe loading=\"lazy\" style=\"border-radius: 12px;\" src=\"https:\/\/open.spotify.com\/embed\/show\/7CG8DL9dgWZEgPzX3rnk51?utm_source=generator&amp;theme=0\" width=\"100%\" height=\"152\" frameborder=\"0\" allowfullscreen=\"allowfullscreen\"><\/iframe><\/p>\n","protected":false},"excerpt":{"rendered":"<p>Meu vigor secou-se como um caco de barro, e a minha l\u00edngua gruda no c\u00e9u da boca; deixaste-me no p\u00f3, \u00e0 beira da morte. (Sl 22.15) Em certo sentido, todos estamos \u201c\u00e0 beira da morte\u201d (Sl 22.15), j\u00e1 que n\u00e3o h\u00e1 nada entre a vida e a morte. H\u00e1 outros cap\u00edtulos depois da morte, mas [&hellip;]<\/p>\n","protected":false},"author":21,"featured_media":164,"comment_status":"open","ping_status":"open","sticky":false,"template":"","format":"standard","meta":{"ngg_post_thumbnail":0,"footnotes":""},"categories":[5478],"tags":[],"class_list":["post-10191","post","type-post","status-publish","format-standard","has-post-thumbnail","hentry","category-elben-cesar"],"publishpress_future_action":{"enabled":false,"date":"2026-05-04 20:36:21","action":"change-status","newStatus":"draft","terms":[],"taxonomy":"category","extraData":[]},"publishpress_future_workflow_manual_trigger":{"enabledWorkflows":[]},"_links":{"self":[{"href":"https:\/\/ultimato.com.br\/sites\/devocional-diaria\/wp-json\/wp\/v2\/posts\/10191","targetHints":{"allow":["GET"]}}],"collection":[{"href":"https:\/\/ultimato.com.br\/sites\/devocional-diaria\/wp-json\/wp\/v2\/posts"}],"about":[{"href":"https:\/\/ultimato.com.br\/sites\/devocional-diaria\/wp-json\/wp\/v2\/types\/post"}],"author":[{"embeddable":true,"href":"https:\/\/ultimato.com.br\/sites\/devocional-diaria\/wp-json\/wp\/v2\/users\/21"}],"replies":[{"embeddable":true,"href":"https:\/\/ultimato.com.br\/sites\/devocional-diaria\/wp-json\/wp\/v2\/comments?post=10191"}],"version-history":[{"count":1,"href":"https:\/\/ultimato.com.br\/sites\/devocional-diaria\/wp-json\/wp\/v2\/posts\/10191\/revisions"}],"predecessor-version":[{"id":10192,"href":"https:\/\/ultimato.com.br\/sites\/devocional-diaria\/wp-json\/wp\/v2\/posts\/10191\/revisions\/10192"}],"wp:featuredmedia":[{"embeddable":true,"href":"https:\/\/ultimato.com.br\/sites\/devocional-diaria\/wp-json\/wp\/v2\/media\/164"}],"wp:attachment":[{"href":"https:\/\/ultimato.com.br\/sites\/devocional-diaria\/wp-json\/wp\/v2\/media?parent=10191"}],"wp:term":[{"taxonomy":"category","embeddable":true,"href":"https:\/\/ultimato.com.br\/sites\/devocional-diaria\/wp-json\/wp\/v2\/categories?post=10191"},{"taxonomy":"post_tag","embeddable":true,"href":"https:\/\/ultimato.com.br\/sites\/devocional-diaria\/wp-json\/wp\/v2\/tags?post=10191"}],"curies":[{"name":"wp","href":"https:\/\/api.w.org\/{rel}","templated":true}]}}