{"id":10189,"date":"2023-01-16T00:00:00","date_gmt":"2023-01-16T02:00:00","guid":{"rendered":"https:\/\/ultimato.com.br\/sites\/devocional-diaria\/?p=10189"},"modified":"2023-01-04T10:52:46","modified_gmt":"2023-01-04T12:52:46","slug":"lacos-de-amor-3","status":"publish","type":"post","link":"https:\/\/ultimato.com.br\/sites\/devocional-diaria\/2023\/01\/16\/autor\/elben-cesar\/lacos-de-amor-3\/","title":{"rendered":"La\u00e7os de amor"},"content":{"rendered":"<p>Assim como o meu Pai me ama, eu amo voc\u00eas; portanto, continuem unidos comigo por meio do meu amor por voc\u00eas.\u00a0 (Jo\u00e3o 15.9, NTLH)<\/p>\n<p>O Evangelho Segundo Jo\u00e3o est\u00e1 cheio de amor. O verbo <em>amar <\/em>aparece 46 vezes. Diz-se que Deus ama o mundo (3.16), que o Pai ama o Filho (3.35; 5.20; 10.17; 15.9; 17.24) e seus seguidores (17.23), que o Filho ama o Pai (14.31), que Jesus ama Marta, Maria, L\u00e1zaro (11.5) e os disc\u00edpulos (13.1 e 34; 15.9 e 12), que os disc\u00edpulos amam Jesus (16.27) e que Pedro ama Jesus (21.15).<\/p>\n<p>H\u00e1 alguns detalhes significativos: o Pai ama o Filho \u201cantes da cria\u00ad\u00e7\u00e3o do mundo\u201d (17.24) e Jesus ama os disc\u00edpulos o tempo todo, \u201cat\u00e9 o fim\u201d (13.1). Um deles era conhecido como \u201co disc\u00edpulo a quem Jesus amava\u201d. Era uma esp\u00e9cie de t\u00edtulo, talvez dado pelos demais disc\u00edpu\u00adlos. O autor do Evangelho faz cinco refer\u00eancias a esse homem (13.23; 19.26; 20.2; 21.7 e 20). Ele \u00e9 identificado como o pr\u00f3prio Jo\u00e3o, aquele que, no domingo da ressurrei\u00e7\u00e3o de Jesus, \u201ccorreu mais depressa do que Pedro e chegou primeiro [ao t\u00famulo vazio]\u201d (20.4). Talvez Jo\u00e3o era o que melhor entendia Jesus.<\/p>\n<p>Esses la\u00e7os de amor entre o Pai, o Filho e os disc\u00edpulos foram fortalecidos com o novo mandamento de amor m\u00fatuo: \u201cSe tiverem amor uns pelos outros, todos saber\u00e3o que voc\u00eas s\u00e3o meus disc\u00edpulos\u201d (13.35, NTLH).<\/p>\n<p>\u2014 Estou convicto de que o amor \u00e9 maior do que a f\u00e9 e a esperan\u00e7a!<strong>\u00a0<\/strong><\/p>\n<p><strong>\u00a0<\/strong><\/p>\n<p><strong>&gt;&gt; Retirado de\u00a0<em><a href=\"https:\/\/www.ultimato.com.br\/loja\/produtos\/refeicoes-diarias-com-jesus\">Refei\u00e7\u00f5es Di\u00e1rias com Jesus<\/a><\/em> [Elben C\u00e9sar]. <\/strong><strong>Editora Ultimato.<\/strong><\/p>\n<p>Ou\u00e7a e compartilhe nossas devocionais pelo <a href=\"https:\/\/open.spotify.com\/show\/7CG8DL9dgWZEgPzX3rnk51?si=1dbGejI2TQS16eamNjb2rA\">Spotify<\/a>!<\/p>\n<p>&nbsp;<\/p>\n<p><iframe loading=\"lazy\" style=\"border-radius: 12px;\" src=\"https:\/\/open.spotify.com\/embed\/show\/7CG8DL9dgWZEgPzX3rnk51?utm_source=generator&amp;theme=0\" width=\"100%\" height=\"152\" frameborder=\"0\" allowfullscreen=\"allowfullscreen\"><\/iframe><\/p>\n","protected":false},"excerpt":{"rendered":"<p>Assim como o meu Pai me ama, eu amo voc\u00eas; portanto, continuem unidos comigo por meio do meu amor por voc\u00eas.\u00a0 (Jo\u00e3o 15.9, NTLH) O Evangelho Segundo Jo\u00e3o est\u00e1 cheio de amor. O verbo amar aparece 46 vezes. Diz-se que Deus ama o mundo (3.16), que o Pai ama o Filho (3.35; 5.20; 10.17; 15.9; [&hellip;]<\/p>\n","protected":false},"author":21,"featured_media":165,"comment_status":"open","ping_status":"open","sticky":false,"template":"","format":"standard","meta":{"ngg_post_thumbnail":0,"footnotes":""},"categories":[5478],"tags":[],"class_list":["post-10189","post","type-post","status-publish","format-standard","has-post-thumbnail","hentry","category-elben-cesar"],"publishpress_future_action":{"enabled":false,"date":"2026-05-04 19:10:34","action":"change-status","newStatus":"draft","terms":[],"taxonomy":"category","extraData":[]},"publishpress_future_workflow_manual_trigger":{"enabledWorkflows":[]},"_links":{"self":[{"href":"https:\/\/ultimato.com.br\/sites\/devocional-diaria\/wp-json\/wp\/v2\/posts\/10189","targetHints":{"allow":["GET"]}}],"collection":[{"href":"https:\/\/ultimato.com.br\/sites\/devocional-diaria\/wp-json\/wp\/v2\/posts"}],"about":[{"href":"https:\/\/ultimato.com.br\/sites\/devocional-diaria\/wp-json\/wp\/v2\/types\/post"}],"author":[{"embeddable":true,"href":"https:\/\/ultimato.com.br\/sites\/devocional-diaria\/wp-json\/wp\/v2\/users\/21"}],"replies":[{"embeddable":true,"href":"https:\/\/ultimato.com.br\/sites\/devocional-diaria\/wp-json\/wp\/v2\/comments?post=10189"}],"version-history":[{"count":1,"href":"https:\/\/ultimato.com.br\/sites\/devocional-diaria\/wp-json\/wp\/v2\/posts\/10189\/revisions"}],"predecessor-version":[{"id":10190,"href":"https:\/\/ultimato.com.br\/sites\/devocional-diaria\/wp-json\/wp\/v2\/posts\/10189\/revisions\/10190"}],"wp:featuredmedia":[{"embeddable":true,"href":"https:\/\/ultimato.com.br\/sites\/devocional-diaria\/wp-json\/wp\/v2\/media\/165"}],"wp:attachment":[{"href":"https:\/\/ultimato.com.br\/sites\/devocional-diaria\/wp-json\/wp\/v2\/media?parent=10189"}],"wp:term":[{"taxonomy":"category","embeddable":true,"href":"https:\/\/ultimato.com.br\/sites\/devocional-diaria\/wp-json\/wp\/v2\/categories?post=10189"},{"taxonomy":"post_tag","embeddable":true,"href":"https:\/\/ultimato.com.br\/sites\/devocional-diaria\/wp-json\/wp\/v2\/tags?post=10189"}],"curies":[{"name":"wp","href":"https:\/\/api.w.org\/{rel}","templated":true}]}}