{"id":10183,"date":"2023-01-13T00:00:29","date_gmt":"2023-01-13T02:00:29","guid":{"rendered":"https:\/\/ultimato.com.br\/sites\/devocional-diaria\/?p=10183"},"modified":"2023-01-04T10:42:07","modified_gmt":"2023-01-04T12:42:07","slug":"o-culto-racional","status":"publish","type":"post","link":"https:\/\/ultimato.com.br\/sites\/devocional-diaria\/2023\/01\/13\/autor\/elben-cesar\/o-culto-racional\/","title":{"rendered":"O culto racional\u00a0"},"content":{"rendered":"<p>Portanto, com a ajuda de Deus, quero que voc\u00eas fa\u00e7am o seguinte: entreguem\u00a0a vida cotidiana \u2013 dormir, comer, trabalhar, passear \u2013 a Deus como se fosse\u00a0uma oferta [&#8230;] N\u00e3o se ajustem demais \u00e0 sua cultura, a ponto de n\u00e3o poderem\u00a0pensar mais. Em vez disso, concentrem a aten\u00e7\u00e3o em Deus. (Rm 12.1-2)<\/p>\n<p>O culto racional n\u00e3o \u00e9 f\u00e1cil. Exige uma atitude honesta e n\u00e3o suporta\u00a0a superficialidade. N\u00e3o tem substitutos, n\u00e3o faz concess\u00f5es, n\u00e3o serve de\u00a0esconderijo. N\u00e3o consiste em meras palavras, n\u00e3o se confunde com apar\u00eancias,\u00a0n\u00e3o diz respeito a quantidade. Reparti\u00e7\u00f5es mec\u00e2nicas e provid\u00eancias supersticiosas\u00a0n\u00e3o se enquadram no culto racional.<\/p>\n<p>O culto racional contrasta com o sacrif\u00edcio de animais irracionais. \u00c9 uma\u00a0entrega consciente e volunt\u00e1ria do homem a Deus. Uma entrega mais moral\u00a0que cerimonial. Uma entrega do nosso corpo por sacrif\u00edcio vivo, santo e\u00a0agrad\u00e1vel a Deus. Sacrif\u00edcios da carne e da vontade. Obedi\u00eancia. \u00c9 o negar-se\u00a0a si mesmo e o carregar a cruz dia a dia. \u00c9 seguir a Cristo. \u00c9 perder a vida\u00a0por causa do compromisso crist\u00e3o. Perder a vida de dimens\u00f5es miser\u00e1veis\u00a0(que se v\u00ea) para ganhar a vida de dimens\u00f5es inimagin\u00e1veis (que n\u00e3o se v\u00ea).<\/p>\n<p>Muita gente tem preferido o culto n\u00e3o racional, o culto de Caim, os\u00a0bezerros de ouro, o culto hip\u00f3crita de Israel, a falsidade de Pilatos. \u00c9 mais\u00a0c\u00f4modo. \u00c9 mais comum. \u00c9 mais concorrido. Al\u00e9m do mais, o culto n\u00e3o\u00a0racional \u00e9 sutil, serve de venda, funciona como paliativo, parece satisfazer\u00a0a necessidade interior de culto.<\/p>\n<p>O culto racional inclui o n\u00e3o conformismo, quebra a adequa\u00e7\u00e3o ao erro,\u00a0n\u00e3o assume compromissos com as trevas, nada contra a correnteza e anda\u00a0em dire\u00e7\u00e3o oposta ao vento. Desde que a mente humana pode tornar-se\u00a0viciada, prejudicada e falha, o culto racional prev\u00ea ainda a renova\u00e7\u00e3o mental,\u00a0a maneira diferente de pensar e enxergar as coisas. S\u00f3 assim \u00e9 poss\u00edvel a\u00a0transforma\u00e7\u00e3o. A transforma\u00e7\u00e3o que leva \u00e0 experi\u00eancia da boa, agrad\u00e1vel e\u00a0perfeita vontade de Deus.<strong>\u00a0<\/strong><\/p>\n<p><strong>\u00a0<\/strong><\/p>\n<p><strong>&gt;&gt; Retirado de\u00a0<em><a href=\"https:\/\/www.ultimato.com.br\/loja\/produtos\/cuide-das-raizes-espere-pelos-frutos\">Cuide das Ra\u00edzes, Espere pelos Frutos<\/a><\/em>, [Elben C\u00e9sar]. <\/strong><strong>Editora Ultimato.<\/strong><\/p>\n<p>Ou\u00e7a e compartilhe nossas devocionais pelo <a href=\"https:\/\/open.spotify.com\/show\/7CG8DL9dgWZEgPzX3rnk51?si=1dbGejI2TQS16eamNjb2rA\">Spotify<\/a>!<\/p>\n<p>&nbsp;<\/p>\n<p><iframe loading=\"lazy\" style=\"border-radius: 12px;\" src=\"https:\/\/open.spotify.com\/embed\/show\/7CG8DL9dgWZEgPzX3rnk51?utm_source=generator&amp;theme=0\" width=\"100%\" height=\"152\" frameborder=\"0\" allowfullscreen=\"allowfullscreen\"><\/iframe><\/p>\n","protected":false},"excerpt":{"rendered":"<p>Portanto, com a ajuda de Deus, quero que voc\u00eas fa\u00e7am o seguinte: entreguem\u00a0a vida cotidiana \u2013 dormir, comer, trabalhar, passear \u2013 a Deus como se fosse\u00a0uma oferta [&#8230;] N\u00e3o se ajustem demais \u00e0 sua cultura, a ponto de n\u00e3o poderem\u00a0pensar mais. Em vez disso, concentrem a aten\u00e7\u00e3o em Deus. (Rm 12.1-2) O culto racional n\u00e3o [&hellip;]<\/p>\n","protected":false},"author":21,"featured_media":161,"comment_status":"open","ping_status":"open","sticky":false,"template":"","format":"standard","meta":{"ngg_post_thumbnail":0,"footnotes":""},"categories":[5478],"tags":[],"class_list":["post-10183","post","type-post","status-publish","format-standard","has-post-thumbnail","hentry","category-elben-cesar"],"publishpress_future_action":{"enabled":false,"date":"2026-05-04 20:56:45","action":"change-status","newStatus":"draft","terms":[],"taxonomy":"category","extraData":[]},"publishpress_future_workflow_manual_trigger":{"enabledWorkflows":[]},"_links":{"self":[{"href":"https:\/\/ultimato.com.br\/sites\/devocional-diaria\/wp-json\/wp\/v2\/posts\/10183","targetHints":{"allow":["GET"]}}],"collection":[{"href":"https:\/\/ultimato.com.br\/sites\/devocional-diaria\/wp-json\/wp\/v2\/posts"}],"about":[{"href":"https:\/\/ultimato.com.br\/sites\/devocional-diaria\/wp-json\/wp\/v2\/types\/post"}],"author":[{"embeddable":true,"href":"https:\/\/ultimato.com.br\/sites\/devocional-diaria\/wp-json\/wp\/v2\/users\/21"}],"replies":[{"embeddable":true,"href":"https:\/\/ultimato.com.br\/sites\/devocional-diaria\/wp-json\/wp\/v2\/comments?post=10183"}],"version-history":[{"count":1,"href":"https:\/\/ultimato.com.br\/sites\/devocional-diaria\/wp-json\/wp\/v2\/posts\/10183\/revisions"}],"predecessor-version":[{"id":10184,"href":"https:\/\/ultimato.com.br\/sites\/devocional-diaria\/wp-json\/wp\/v2\/posts\/10183\/revisions\/10184"}],"wp:featuredmedia":[{"embeddable":true,"href":"https:\/\/ultimato.com.br\/sites\/devocional-diaria\/wp-json\/wp\/v2\/media\/161"}],"wp:attachment":[{"href":"https:\/\/ultimato.com.br\/sites\/devocional-diaria\/wp-json\/wp\/v2\/media?parent=10183"}],"wp:term":[{"taxonomy":"category","embeddable":true,"href":"https:\/\/ultimato.com.br\/sites\/devocional-diaria\/wp-json\/wp\/v2\/categories?post=10183"},{"taxonomy":"post_tag","embeddable":true,"href":"https:\/\/ultimato.com.br\/sites\/devocional-diaria\/wp-json\/wp\/v2\/tags?post=10183"}],"curies":[{"name":"wp","href":"https:\/\/api.w.org\/{rel}","templated":true}]}}