{"id":10181,"date":"2023-01-12T00:00:25","date_gmt":"2023-01-12T02:00:25","guid":{"rendered":"https:\/\/ultimato.com.br\/sites\/devocional-diaria\/?p=10181"},"modified":"2023-01-04T10:38:08","modified_gmt":"2023-01-04T12:38:08","slug":"somos-as-pessoas-mais-felizes-deste-mundo-2","status":"publish","type":"post","link":"https:\/\/ultimato.com.br\/sites\/devocional-diaria\/2023\/01\/12\/autor\/elben-cesar\/somos-as-pessoas-mais-felizes-deste-mundo-2\/","title":{"rendered":"Somos as pessoas mais felizes deste mundo!\u00a0"},"content":{"rendered":"<p>Por causa da sua grande miseric\u00f3rdia, ele nos deu uma nova vida pela ressurrei\u00e7\u00e3o de\u00a0Jesus Cristo. (1Pe 1.3b)<\/p>\n<p>A nova vida decorre da ressurrei\u00e7\u00e3o de Jesus Cristo. Essa afirma\u00e7\u00e3o de Pedro\u00a0torna mais comprida a longa informa\u00e7\u00e3o dada por Paulo aos cor\u00edntios: \u201cSe\u00a0Cristo n\u00e3o foi ressuscitado, n\u00f3s n\u00e3o temos nada para anunciar e voc\u00eas n\u00e3o\u00a0t\u00eam nada para crer. E mais ainda, nesse caso estar\u00edamos mentindo contra\u00a0Deus, porque afirmamos que ele ressuscitou Cristo\u201d&#8230; \u201cE, se Cristo n\u00e3o foi\u00a0ressuscitado, a f\u00e9 que voc\u00eas t\u00eam \u00e9 uma ilus\u00e3o, e voc\u00eas continuam perdidos nos\u00a0seus pecados. Se Cristo n\u00e3o ressuscitou, os que morreram crendo nele est\u00e3o\u00a0perdidos. Se a nossa esperan\u00e7a em Cristo s\u00f3 vale para esta vida, n\u00f3s somos as\u00a0pessoas mais infelizes deste mundo\u201d (1Co 15.14-19).<\/p>\n<p>Qual seria o maior desastre da Hist\u00f3ria: a Queda do homem ou a n\u00e3o\u00a0ressurrei\u00e7\u00e3o de Jesus Cristo?<\/p>\n<p>Pedro volta a falar sobre a ressurrei\u00e7\u00e3o do Senhor outras duas vezes nessa\u00a0carta de apenas cinco cap\u00edtulos: \u201cPor meio dele [de Jesus] voc\u00eas creem em\u00a0Deus, que o ressuscitou e lhe deu gl\u00f3ria\u201d (1.21) e \u201cessa salva\u00e7\u00e3o vem <em>por meio\u00a0<\/em>da ressurrei\u00e7\u00e3o de Jesus, que foi para o c\u00e9u e est\u00e1 do lado direito de Deus,\u00a0governando os anjos, as autoridades e os poderes do c\u00e9u\u201d (3.21-22).<\/p>\n<p>Al\u00e9m de declarar por escrito a ressurrei\u00e7\u00e3o do Senhor, Pedro o fez tamb\u00e9m\u00a0de maneira aud\u00edvel no serm\u00e3o do Pentecostes e em outras reuni\u00f5es. Um\u00a0dos mais benfeitos pronunciamentos a respeito da ressurrei\u00e7\u00e3o de Jesus \u00e9 do\u00a0ap\u00f3stolo: \u201cVoc\u00eas mesmos o mataram por m\u00e3os de homens maus, que o crucificaram.\u00a0Mas Deus ressuscitou Jesus, livrando-o do poder da morte, <em>porque\u00a0n\u00e3o era poss\u00edvel que a morte o dominasse<\/em>\u201d (At 2.23-24).<\/p>\n<p>A ressurrei\u00e7\u00e3o de Jesus \u00e9 o poder dos poderes!<\/p>\n<p>&nbsp;<\/p>\n<p><strong>&gt;&gt; Retirado de\u00a0<em><a href=\"https:\/\/www.ultimato.com.br\/loja\/produtos\/refeicoes-diarias-com-os-discipulos\">Refei\u00e7\u00f5es Di\u00e1rias com os Disc\u00edpulos<\/a><\/em> [Elben C\u00e9sar]. <\/strong><strong>Editora Ultimato.<\/strong><strong>\u00a0<\/strong><\/p>\n<p>Ou\u00e7a e compartilhe nossas devocionais pelo <a href=\"https:\/\/open.spotify.com\/show\/7CG8DL9dgWZEgPzX3rnk51?si=1dbGejI2TQS16eamNjb2rA\">Spotify<\/a>!<\/p>\n<p>&nbsp;<\/p>\n<p><iframe loading=\"lazy\" style=\"border-radius: 12px;\" src=\"https:\/\/open.spotify.com\/embed\/show\/7CG8DL9dgWZEgPzX3rnk51?utm_source=generator&amp;theme=0\" width=\"100%\" height=\"152\" frameborder=\"0\" allowfullscreen=\"allowfullscreen\"><\/iframe><\/p>\n","protected":false},"excerpt":{"rendered":"<p>Por causa da sua grande miseric\u00f3rdia, ele nos deu uma nova vida pela ressurrei\u00e7\u00e3o de\u00a0Jesus Cristo. (1Pe 1.3b) A nova vida decorre da ressurrei\u00e7\u00e3o de Jesus Cristo. Essa afirma\u00e7\u00e3o de Pedro\u00a0torna mais comprida a longa informa\u00e7\u00e3o dada por Paulo aos cor\u00edntios: \u201cSe\u00a0Cristo n\u00e3o foi ressuscitado, n\u00f3s n\u00e3o temos nada para anunciar e voc\u00eas n\u00e3o\u00a0t\u00eam nada [&hellip;]<\/p>\n","protected":false},"author":21,"featured_media":162,"comment_status":"open","ping_status":"open","sticky":false,"template":"","format":"standard","meta":{"ngg_post_thumbnail":0,"footnotes":""},"categories":[5478],"tags":[],"class_list":["post-10181","post","type-post","status-publish","format-standard","has-post-thumbnail","hentry","category-elben-cesar"],"publishpress_future_action":{"enabled":false,"date":"2026-05-04 22:14:58","action":"change-status","newStatus":"draft","terms":[],"taxonomy":"category","extraData":[]},"publishpress_future_workflow_manual_trigger":{"enabledWorkflows":[]},"_links":{"self":[{"href":"https:\/\/ultimato.com.br\/sites\/devocional-diaria\/wp-json\/wp\/v2\/posts\/10181","targetHints":{"allow":["GET"]}}],"collection":[{"href":"https:\/\/ultimato.com.br\/sites\/devocional-diaria\/wp-json\/wp\/v2\/posts"}],"about":[{"href":"https:\/\/ultimato.com.br\/sites\/devocional-diaria\/wp-json\/wp\/v2\/types\/post"}],"author":[{"embeddable":true,"href":"https:\/\/ultimato.com.br\/sites\/devocional-diaria\/wp-json\/wp\/v2\/users\/21"}],"replies":[{"embeddable":true,"href":"https:\/\/ultimato.com.br\/sites\/devocional-diaria\/wp-json\/wp\/v2\/comments?post=10181"}],"version-history":[{"count":1,"href":"https:\/\/ultimato.com.br\/sites\/devocional-diaria\/wp-json\/wp\/v2\/posts\/10181\/revisions"}],"predecessor-version":[{"id":10182,"href":"https:\/\/ultimato.com.br\/sites\/devocional-diaria\/wp-json\/wp\/v2\/posts\/10181\/revisions\/10182"}],"wp:featuredmedia":[{"embeddable":true,"href":"https:\/\/ultimato.com.br\/sites\/devocional-diaria\/wp-json\/wp\/v2\/media\/162"}],"wp:attachment":[{"href":"https:\/\/ultimato.com.br\/sites\/devocional-diaria\/wp-json\/wp\/v2\/media?parent=10181"}],"wp:term":[{"taxonomy":"category","embeddable":true,"href":"https:\/\/ultimato.com.br\/sites\/devocional-diaria\/wp-json\/wp\/v2\/categories?post=10181"},{"taxonomy":"post_tag","embeddable":true,"href":"https:\/\/ultimato.com.br\/sites\/devocional-diaria\/wp-json\/wp\/v2\/tags?post=10181"}],"curies":[{"name":"wp","href":"https:\/\/api.w.org\/{rel}","templated":true}]}}