{"id":10179,"date":"2023-01-11T00:00:35","date_gmt":"2023-01-11T02:00:35","guid":{"rendered":"https:\/\/ultimato.com.br\/sites\/devocional-diaria\/?p=10179"},"modified":"2023-01-04T10:34:22","modified_gmt":"2023-01-04T12:34:22","slug":"a-menina-dos-olhos","status":"publish","type":"post","link":"https:\/\/ultimato.com.br\/sites\/devocional-diaria\/2023\/01\/11\/autor\/elben-cesar\/a-menina-dos-olhos\/","title":{"rendered":"A menina dos olhos"},"content":{"rendered":"<p>Protege-me como \u00e0 menina dos teus olhos; esconde-me \u00e0 sombra das tuas asas, dos \u00edmpios que me atacam com viol\u00eancia e dos inimigos mortais que me cercam. (Sl 17.8)<\/p>\n<p>Porque estou exposto a muitos perigos, eu preciso da prote\u00e7\u00e3o divina. A qualquer momento, posso ser assaltado e morto, posso receber uma bala perdida, posso ser v\u00edtima de um acidente de tr\u00e2nsito, posso adqui\u00adrir um c\u00e2ncer, posso ser acometido por uma depress\u00e3o, posso perder a coragem, posso entrar no rol dos desempregados, posso experimentar um rev\u00e9s econ\u00f4mico, posso assistir \u00e0 morte do c\u00f4njuge, posso cometer um esc\u00e2ndalo, posso sofrer uma crise de f\u00e9, posso negar tr\u00eas vezes o Senhor Jesus Cristo, posso me apaixonar por uma \u201cBate-Seba\u201d, posso amar o mundo mais do que a Deus.<\/p>\n<p>Se sou t\u00e3o vulner\u00e1vel assim, preciso fazer a ora\u00e7\u00e3o do salmista: \u201cPro\u00adtege-me como \u00e0 menina dos teus olhos\u201d (Sl 17.8). Preciso de prote\u00e7\u00e3o n\u00e3o de qualquer modo, mas como se eu fosse a menina dos olhos de Deus. Ali\u00e1s, a can\u00e7\u00e3o de Mois\u00e9s n\u00e3o diz que Deus protegeu e guardou o seu povo como a menina dos seus olhos (Dt 32.10)? E o profeta Zacarias n\u00e3o diz que quem tocar no povo eleito toca na menina dos olhos de Deus (Zc 2.8)?<\/p>\n<p>Quero que Deus me d\u00ea a sua poderosa e soberana prote\u00e7\u00e3o. Mas tamb\u00e9m quero satisfazer a vontade dele. O que Deus quer de mim \u00e9 isto: \u201cGuarde os meus ensinos como a menina dos seus olhos\u201d (Pv 7.2).<\/p>\n<p>Eu desejo muito que Deus me proteja e ele deseja muito que eu obe\u00adde\u00e7a \u00e0s suas palavras, aos seus mandamentos, aos seus ensinos, que eu escreva os seus ditos na t\u00e1bua do meu cora\u00e7\u00e3o e os amarre aos dedos. Eu quero que Deus me guarde como as pestanas guardam a pupila de seus olhos e ele quer que eu guarde os seus mandamentos como as pestanas guardam a pupila de meus olhos!<strong>\u00a0<\/strong><\/p>\n<p><strong>\u00a0<\/strong><\/p>\n<p><strong>&gt;&gt; Retirado de\u00a0<em><a href=\"https:\/\/www.ultimato.com.br\/loja\/produtos\/um-ano-com-os-salmos\">Um Ano com os Salmos<\/a><\/em> [Elben C\u00e9sar]. <\/strong><strong>Editora Ultimato.<\/strong><strong>\u00a0<\/strong><\/p>\n<p>Ou\u00e7a e compartilhe nossas devocionais pelo <a href=\"https:\/\/open.spotify.com\/show\/7CG8DL9dgWZEgPzX3rnk51?si=1dbGejI2TQS16eamNjb2rA\">Spotify<\/a>!<\/p>\n<p>&nbsp;<\/p>\n<p><iframe loading=\"lazy\" style=\"border-radius: 12px;\" src=\"https:\/\/open.spotify.com\/embed\/show\/7CG8DL9dgWZEgPzX3rnk51?utm_source=generator&amp;theme=0\" width=\"100%\" height=\"152\" frameborder=\"0\" allowfullscreen=\"allowfullscreen\"><\/iframe><\/p>\n","protected":false},"excerpt":{"rendered":"<p>Protege-me como \u00e0 menina dos teus olhos; esconde-me \u00e0 sombra das tuas asas, dos \u00edmpios que me atacam com viol\u00eancia e dos inimigos mortais que me cercam. (Sl 17.8) Porque estou exposto a muitos perigos, eu preciso da prote\u00e7\u00e3o divina. A qualquer momento, posso ser assaltado e morto, posso receber uma bala perdida, posso ser [&hellip;]<\/p>\n","protected":false},"author":21,"featured_media":163,"comment_status":"open","ping_status":"open","sticky":false,"template":"","format":"standard","meta":{"ngg_post_thumbnail":0,"footnotes":""},"categories":[5478],"tags":[],"class_list":["post-10179","post","type-post","status-publish","format-standard","has-post-thumbnail","hentry","category-elben-cesar"],"publishpress_future_action":{"enabled":false,"date":"2026-05-04 23:17:26","action":"change-status","newStatus":"draft","terms":[],"taxonomy":"category","extraData":[]},"publishpress_future_workflow_manual_trigger":{"enabledWorkflows":[]},"_links":{"self":[{"href":"https:\/\/ultimato.com.br\/sites\/devocional-diaria\/wp-json\/wp\/v2\/posts\/10179","targetHints":{"allow":["GET"]}}],"collection":[{"href":"https:\/\/ultimato.com.br\/sites\/devocional-diaria\/wp-json\/wp\/v2\/posts"}],"about":[{"href":"https:\/\/ultimato.com.br\/sites\/devocional-diaria\/wp-json\/wp\/v2\/types\/post"}],"author":[{"embeddable":true,"href":"https:\/\/ultimato.com.br\/sites\/devocional-diaria\/wp-json\/wp\/v2\/users\/21"}],"replies":[{"embeddable":true,"href":"https:\/\/ultimato.com.br\/sites\/devocional-diaria\/wp-json\/wp\/v2\/comments?post=10179"}],"version-history":[{"count":1,"href":"https:\/\/ultimato.com.br\/sites\/devocional-diaria\/wp-json\/wp\/v2\/posts\/10179\/revisions"}],"predecessor-version":[{"id":10180,"href":"https:\/\/ultimato.com.br\/sites\/devocional-diaria\/wp-json\/wp\/v2\/posts\/10179\/revisions\/10180"}],"wp:featuredmedia":[{"embeddable":true,"href":"https:\/\/ultimato.com.br\/sites\/devocional-diaria\/wp-json\/wp\/v2\/media\/163"}],"wp:attachment":[{"href":"https:\/\/ultimato.com.br\/sites\/devocional-diaria\/wp-json\/wp\/v2\/media?parent=10179"}],"wp:term":[{"taxonomy":"category","embeddable":true,"href":"https:\/\/ultimato.com.br\/sites\/devocional-diaria\/wp-json\/wp\/v2\/categories?post=10179"},{"taxonomy":"post_tag","embeddable":true,"href":"https:\/\/ultimato.com.br\/sites\/devocional-diaria\/wp-json\/wp\/v2\/tags?post=10179"}],"curies":[{"name":"wp","href":"https:\/\/api.w.org\/{rel}","templated":true}]}}