{"id":10177,"date":"2023-01-10T00:00:51","date_gmt":"2023-01-10T02:00:51","guid":{"rendered":"https:\/\/ultimato.com.br\/sites\/devocional-diaria\/?p=10177"},"modified":"2023-01-03T12:59:03","modified_gmt":"2023-01-03T14:59:03","slug":"moises-em-letras-grandes","status":"publish","type":"post","link":"https:\/\/ultimato.com.br\/sites\/devocional-diaria\/2023\/01\/10\/autor\/elben-cesar\/moises-em-letras-grandes\/","title":{"rendered":"Mois\u00e9s em letras grandes"},"content":{"rendered":"<p>Se a vossa justi\u00e7a n\u00e3o exceder em muito a dos escribas e fariseus, jamais entrareis no reino dos c\u00e9us. (Mateus 5.20)<\/p>\n<p>No p\u00falpito da montanha, Jesus n\u00e3o vem aliviar ningu\u00e9m da lei de Mois\u00e9s ou dos escritos dos profetas. Na verdade, ele vem complicar as coisas. Em vez de suprimir, Jesus amplia o tamanho dos mandamentos (Mt 5.17-48).<\/p>\n<p>N\u00e3o matar \u00e9 pouco. \u00c9 preciso tamb\u00e9m n\u00e3o ter raiva, n\u00e3o humilhar e n\u00e3o xingar de idiota, seja quem for. De igual modo, \u00e9 preciso fazer as pazes com todo e qualquer desafeto (Mt 5.21-26). N\u00e3o adulterar cor\u00adporalmente \u00e9 pouco. \u00c9 preciso tamb\u00e9m n\u00e3o cometer adult\u00e9rio mental, visual ou virtual, e n\u00e3o dissolver os la\u00e7os matrimoniais (Mt 5.27-30).<\/p>\n<p>Se na lei estava escrito \u201colho por olho, dente por dente\u201d (\u00cax 21.24), agora o que vale \u00e9 a n\u00e3o-retribui\u00e7\u00e3o. Quem recebe um tapa no rosto, n\u00e3o deve devolver o tapa, mas oferecer ao agressor o outro lado do rosto (Mt 5.38-42).<\/p>\n<p>Se algu\u00e9m tem um inimigo, n\u00e3o deve trat\u00e1-lo como inimigo, mas como amigo (Mt 5.43-44)<em>. <\/em>N\u00e3o tem nenhuma vantagem aquele que ama apenas o que o ama.<\/p>\n<p>\u2014 Que Deus me mude por dentro e por fora!<strong>\u00a0<\/strong><\/p>\n<p><strong>\u00a0<\/strong><\/p>\n<p><strong>&gt;&gt; Retirado de\u00a0<em><a href=\"https:\/\/www.ultimato.com.br\/loja\/produtos\/refeicoes-diarias-com-jesus\">Refei\u00e7\u00f5es Di\u00e1rias com Jesus<\/a><\/em> [Elben C\u00e9sar]. <\/strong><strong>Editora Ultimato.<\/strong><\/p>\n<p>Ou\u00e7a e compartilhe nossas devocionais pelo <a href=\"https:\/\/open.spotify.com\/show\/7CG8DL9dgWZEgPzX3rnk51?si=1dbGejI2TQS16eamNjb2rA\">Spotify<\/a>!<\/p>\n<p>&nbsp;<\/p>\n<p><iframe loading=\"lazy\" style=\"border-radius: 12px;\" src=\"https:\/\/open.spotify.com\/embed\/show\/7CG8DL9dgWZEgPzX3rnk51?utm_source=generator&amp;theme=0\" width=\"100%\" height=\"152\" frameborder=\"0\" allowfullscreen=\"allowfullscreen\"><\/iframe><\/p>\n","protected":false},"excerpt":{"rendered":"<p>Se a vossa justi\u00e7a n\u00e3o exceder em muito a dos escribas e fariseus, jamais entrareis no reino dos c\u00e9us. (Mateus 5.20) No p\u00falpito da montanha, Jesus n\u00e3o vem aliviar ningu\u00e9m da lei de Mois\u00e9s ou dos escritos dos profetas. Na verdade, ele vem complicar as coisas. Em vez de suprimir, Jesus amplia o tamanho dos [&hellip;]<\/p>\n","protected":false},"author":21,"featured_media":164,"comment_status":"open","ping_status":"open","sticky":false,"template":"","format":"standard","meta":{"ngg_post_thumbnail":0,"footnotes":""},"categories":[5478],"tags":[],"class_list":["post-10177","post","type-post","status-publish","format-standard","has-post-thumbnail","hentry","category-elben-cesar"],"publishpress_future_action":{"enabled":false,"date":"2026-05-04 21:52:21","action":"change-status","newStatus":"draft","terms":[],"taxonomy":"category","extraData":[]},"publishpress_future_workflow_manual_trigger":{"enabledWorkflows":[]},"_links":{"self":[{"href":"https:\/\/ultimato.com.br\/sites\/devocional-diaria\/wp-json\/wp\/v2\/posts\/10177","targetHints":{"allow":["GET"]}}],"collection":[{"href":"https:\/\/ultimato.com.br\/sites\/devocional-diaria\/wp-json\/wp\/v2\/posts"}],"about":[{"href":"https:\/\/ultimato.com.br\/sites\/devocional-diaria\/wp-json\/wp\/v2\/types\/post"}],"author":[{"embeddable":true,"href":"https:\/\/ultimato.com.br\/sites\/devocional-diaria\/wp-json\/wp\/v2\/users\/21"}],"replies":[{"embeddable":true,"href":"https:\/\/ultimato.com.br\/sites\/devocional-diaria\/wp-json\/wp\/v2\/comments?post=10177"}],"version-history":[{"count":1,"href":"https:\/\/ultimato.com.br\/sites\/devocional-diaria\/wp-json\/wp\/v2\/posts\/10177\/revisions"}],"predecessor-version":[{"id":10178,"href":"https:\/\/ultimato.com.br\/sites\/devocional-diaria\/wp-json\/wp\/v2\/posts\/10177\/revisions\/10178"}],"wp:featuredmedia":[{"embeddable":true,"href":"https:\/\/ultimato.com.br\/sites\/devocional-diaria\/wp-json\/wp\/v2\/media\/164"}],"wp:attachment":[{"href":"https:\/\/ultimato.com.br\/sites\/devocional-diaria\/wp-json\/wp\/v2\/media?parent=10177"}],"wp:term":[{"taxonomy":"category","embeddable":true,"href":"https:\/\/ultimato.com.br\/sites\/devocional-diaria\/wp-json\/wp\/v2\/categories?post=10177"},{"taxonomy":"post_tag","embeddable":true,"href":"https:\/\/ultimato.com.br\/sites\/devocional-diaria\/wp-json\/wp\/v2\/tags?post=10177"}],"curies":[{"name":"wp","href":"https:\/\/api.w.org\/{rel}","templated":true}]}}