{"id":10170,"date":"2023-01-07T00:00:00","date_gmt":"2023-01-07T02:00:00","guid":{"rendered":"https:\/\/ultimato.com.br\/sites\/devocional-diaria\/?p=10170"},"modified":"2023-01-03T12:37:57","modified_gmt":"2023-01-03T14:37:57","slug":"unidos-com-cristo-2","status":"publish","type":"post","link":"https:\/\/ultimato.com.br\/sites\/devocional-diaria\/2023\/01\/07\/autor\/john-stott\/unidos-com-cristo-2\/","title":{"rendered":"Unidos com Cristo"},"content":{"rendered":"<p><em>Portanto, j\u00e1 que voc\u00eas ressuscitaram com Cristo, procurem as coisas que s\u00e3o do alto, onde Cristo est\u00e1 assentado \u00e0 direita de Deus. (<\/em>Colossenses 3.1)<\/p>\n<p>Colossenses 3 \u00e9 uma passagem apropriada para a P\u00e1scoa. Ela ilustra a uni\u00e3o vital entre teologia e \u00e9tica e, especialmente, o fato de que, precisamos <em>saber <\/em>quem somos antes de podermos <em>ser <\/em>quem somos. A exorta\u00e7\u00e3o de Paulo ao comportamento crist\u00e3o \u00e9 baseada em sua exposi\u00e7\u00e3o da identidade crist\u00e3. Ele nos exorta a manter \u201co pensamento nas coisas do alto\u201d, pois morremos e ressuscitamos com Cristo.<\/p>\n<p><em>Ent\u00e3o, quem somos n\u00f3s? <\/em>Paulo menciona seguidamente os quatro principais eventos na obra salv\u00edfica de Jesus, a saber, sua morte, ressurrei\u00e7\u00e3o, exalta\u00e7\u00e3o e parusia. Ao mesmo tempo, ele escreve acerca desses eventos n\u00e3o somente como tendo ocorrido com Cristo, mas tamb\u00e9m como sendo partilhados conosco. A pequena palavra grega <em>sun<\/em>, que significa \u201cjuntamente com\u201d, aparece quatro vezes no texto. Voc\u00eas morreram <em>com Cristo <\/em>(2.20) e ressuscitaram <em>com Cristo <\/em>(3.1). Agora a vida de voc\u00eas est\u00e1 escondida <em>com Cristo <\/em>(3.3) e voc\u00eas ser\u00e3o manifestados <em>com Cristo <\/em>(3.4). Essas grandes declara\u00e7\u00f5es n\u00e3o s\u00e3o fantasiosas; elas retratam o que acontece conosco como resultado de estarmos unidos a <em>Cristo <\/em>interiormente atrav\u00e9s da f\u00e9 e exteriormente pelo batismo. Somos as mesmas pessoas com os mesmos rostos, nomes, passaportes, nacionalidades e apar\u00eancias. Mas somos novas pessoas, desfrutando de uma vida oculta com Cristo. Na verdade, Cristo \u00e9 a nossa vida (3.4).<\/p>\n<p>Depois de discorrer sobre quem somos (se somos crist\u00e3os), Paulo nos exorta sobre como dever\u00edamos nos comportar. \u201cProcurem as coisas que s\u00e3o do alto\u201d, ele escreve (v.1). Novamente, \u201cmantenham o pensamento nas coisas do alto, e n\u00e3o nas coisas terrenas\u201d (v. 2).<\/p>\n<p>Por \u201ccoisas terrenas\u201d Paulo n\u00e3o quer dizer que devemos negligenciar nossas responsabilidades em casa e no trabalho, na igreja e na comunidade, pois ele menciona em seguida os deveres dos maridos e das esposas, filhos e pais, escravos e senhores. O conceito de \u201ccoisas terrenas\u201d \u00e9 repetido no ver\u00ads\u00edculo 5, onde ele se refere \u00e0 gan\u00e2ncia e \u00e0 imoralidade, inj\u00faria, ira, maldade e outros pecados. Devemos \u201cmatar\u201d essas coisas.<\/p>\n<p>Devemos continuamente falar a n\u00f3s mesmos e lembrar a n\u00f3s mesmos de quem somos. S\u00f3 assim poderemos nos comportar de acordo com essa realidade.<\/p>\n<p>Para saber mais: Colossenses 3.11-14<strong>\u00a0<\/strong><\/p>\n<p><strong>\u00a0<\/strong><\/p>\n<p><strong>&gt;&gt; Retirado de\u00a0<em><a href=\"https:\/\/www.ultimato.com.br\/loja\/produtos\/a-biblia-toda-o-ano-todo-1\">A B\u00edblia Toda, o Ano Todo<\/a><\/em>\u00a0[John Stott]. <\/strong><strong>Editora Ultimato.<\/strong><\/p>\n<p>Ou\u00e7a e compartilhe nossas devocionais pelo <a href=\"https:\/\/open.spotify.com\/show\/7CG8DL9dgWZEgPzX3rnk51?si=1dbGejI2TQS16eamNjb2rA\">Spotify<\/a>!<\/p>\n<p>&nbsp;<\/p>\n<p><iframe loading=\"lazy\" style=\"border-radius: 12px;\" src=\"https:\/\/open.spotify.com\/embed\/show\/7CG8DL9dgWZEgPzX3rnk51?utm_source=generator&amp;theme=0\" width=\"100%\" height=\"152\" frameborder=\"0\" allowfullscreen=\"allowfullscreen\"><\/iframe><\/p>\n","protected":false},"excerpt":{"rendered":"<p>Portanto, j\u00e1 que voc\u00eas ressuscitaram com Cristo, procurem as coisas que s\u00e3o do alto, onde Cristo est\u00e1 assentado \u00e0 direita de Deus. (Colossenses 3.1) Colossenses 3 \u00e9 uma passagem apropriada para a P\u00e1scoa. Ela ilustra a uni\u00e3o vital entre teologia e \u00e9tica e, especialmente, o fato de que, precisamos saber quem somos antes de podermos [&hellip;]<\/p>\n","protected":false},"author":21,"featured_media":157,"comment_status":"open","ping_status":"open","sticky":false,"template":"","format":"standard","meta":{"ngg_post_thumbnail":0,"footnotes":""},"categories":[5668],"tags":[],"class_list":["post-10170","post","type-post","status-publish","format-standard","has-post-thumbnail","hentry","category-john-stott"],"publishpress_future_action":{"enabled":false,"date":"2026-05-04 19:24:13","action":"change-status","newStatus":"draft","terms":[],"taxonomy":"category","extraData":[]},"publishpress_future_workflow_manual_trigger":{"enabledWorkflows":[]},"_links":{"self":[{"href":"https:\/\/ultimato.com.br\/sites\/devocional-diaria\/wp-json\/wp\/v2\/posts\/10170","targetHints":{"allow":["GET"]}}],"collection":[{"href":"https:\/\/ultimato.com.br\/sites\/devocional-diaria\/wp-json\/wp\/v2\/posts"}],"about":[{"href":"https:\/\/ultimato.com.br\/sites\/devocional-diaria\/wp-json\/wp\/v2\/types\/post"}],"author":[{"embeddable":true,"href":"https:\/\/ultimato.com.br\/sites\/devocional-diaria\/wp-json\/wp\/v2\/users\/21"}],"replies":[{"embeddable":true,"href":"https:\/\/ultimato.com.br\/sites\/devocional-diaria\/wp-json\/wp\/v2\/comments?post=10170"}],"version-history":[{"count":1,"href":"https:\/\/ultimato.com.br\/sites\/devocional-diaria\/wp-json\/wp\/v2\/posts\/10170\/revisions"}],"predecessor-version":[{"id":10171,"href":"https:\/\/ultimato.com.br\/sites\/devocional-diaria\/wp-json\/wp\/v2\/posts\/10170\/revisions\/10171"}],"wp:featuredmedia":[{"embeddable":true,"href":"https:\/\/ultimato.com.br\/sites\/devocional-diaria\/wp-json\/wp\/v2\/media\/157"}],"wp:attachment":[{"href":"https:\/\/ultimato.com.br\/sites\/devocional-diaria\/wp-json\/wp\/v2\/media?parent=10170"}],"wp:term":[{"taxonomy":"category","embeddable":true,"href":"https:\/\/ultimato.com.br\/sites\/devocional-diaria\/wp-json\/wp\/v2\/categories?post=10170"},{"taxonomy":"post_tag","embeddable":true,"href":"https:\/\/ultimato.com.br\/sites\/devocional-diaria\/wp-json\/wp\/v2\/tags?post=10170"}],"curies":[{"name":"wp","href":"https:\/\/api.w.org\/{rel}","templated":true}]}}