{"id":10168,"date":"2023-01-06T00:00:58","date_gmt":"2023-01-06T02:00:58","guid":{"rendered":"https:\/\/ultimato.com.br\/sites\/devocional-diaria\/?p=10168"},"modified":"2023-01-03T12:51:20","modified_gmt":"2023-01-03T14:51:20","slug":"repentinamente","status":"publish","type":"post","link":"https:\/\/ultimato.com.br\/sites\/devocional-diaria\/2023\/01\/06\/autor\/elben-cesar\/repentinamente\/","title":{"rendered":"Repentinamente"},"content":{"rendered":"<p>De repente, veio do c\u00e9u um barulho que parecia o de um vento soprando muito forte. (Atos 2.2)<\/p>\n<p>Duas coisas opostas entre si podem acontecer sem data marcada: uma boa\u00a0e uma ruim. Nunca se espera a coisa ruim e sempre se espera a coisa boa.\u00a0Nem sempre a coisa que parece ruim \u00e9 de fato ruim. Nem sempre a coisa\u00a0que parece boa \u00e9 de fato boa. Ambas v\u00eam sempre, quando menos se espera.<\/p>\n<p>Na hist\u00f3ria de J\u00f3, de repente, os sabeus chegaram, atacaram os empregados\u00a0do homem mais rico do Oriente e levaram tudo o que era dele (J\u00f3 1.15).\u00a0De repente, o poderoso rei da poderosa Babil\u00f4nia perdeu por completo o\u00a0ju\u00edzo, \u201cfoi expulso do meio dos seres viventes e come\u00e7ou a comer capim com\u00a0os bois\u201d (Dn 4.15). De repente, Deus fez cair afli\u00e7\u00e3o e terror sobre os moradores\u00a0de Jerusal\u00e9m (Jr 15.8). Na verdade, \u201ccomo aves que caem, de repente,\u00a0na armadilha, n\u00f3s tamb\u00e9m podemos cair na desgra\u00e7a quando menos esperamos\u201d\u00a0(Ec 9.12). \u201cQuando as pessoas come\u00e7arem a dizer: \u2018Tudo est\u00e1 calmo\u00a0e seguro\u2019, ent\u00e3o \u00e9 que, de repente, a destrui\u00e7\u00e3o cair\u00e1 sobre elas\u201d. (1Ts 5.3)<\/p>\n<p>Mas de repente tamb\u00e9m acontece o inverso. O Senhor, aquele que est\u00e1vamos\u00a0esperando \u201cvai chegar de repente ao seu templo\u201d (Ml 3.1) e \u201cfar\u00e1\u00a0brilhar sobre n\u00f3s a sua luz\u201d (Lc 1.79).<\/p>\n<p>Os fatos acontecem de repente, como a descida do Esp\u00edrito Santo no\u00a0dia de Pentecostes, mas eles s\u00e3o anunciados com incr\u00edvel anteced\u00eancia. A\u00a0volta do Senhor j\u00e1 foi anunciada, mas ele vir\u00e1 de repente, em hora e dia\u00a0que ningu\u00e9m sabe (Mt 24.36).<strong>\u00a0<\/strong><\/p>\n<p><strong>\u00a0<\/strong><\/p>\n<p><strong>&gt;&gt; Retirado de\u00a0<em><a href=\"https:\/\/www.ultimato.com.br\/loja\/produtos\/refeicoes-diarias\">Refei\u00e7\u00f5es Di\u00e1rias \u2013 no partir do p\u00e3o e na ora\u00e7\u00e3o<\/a><\/em> [Elben C\u00e9sar]. <\/strong><strong>Editora Ultimato.<\/strong><strong>\u00a0<\/strong><\/p>\n<p>Ou\u00e7a e compartilhe nossas devocionais pelo <a href=\"https:\/\/open.spotify.com\/show\/7CG8DL9dgWZEgPzX3rnk51?si=1dbGejI2TQS16eamNjb2rA\">Spotify<\/a>!<\/p>\n<p>&nbsp;<\/p>\n<p><iframe loading=\"lazy\" style=\"border-radius: 12px;\" src=\"https:\/\/open.spotify.com\/embed\/show\/7CG8DL9dgWZEgPzX3rnk51?utm_source=generator&amp;theme=0\" width=\"100%\" height=\"152\" frameborder=\"0\" allowfullscreen=\"allowfullscreen\"><\/iframe><\/p>\n","protected":false},"excerpt":{"rendered":"<p>De repente, veio do c\u00e9u um barulho que parecia o de um vento soprando muito forte. (Atos 2.2) Duas coisas opostas entre si podem acontecer sem data marcada: uma boa\u00a0e uma ruim. Nunca se espera a coisa ruim e sempre se espera a coisa boa.\u00a0Nem sempre a coisa que parece ruim \u00e9 de fato ruim. [&hellip;]<\/p>\n","protected":false},"author":21,"featured_media":161,"comment_status":"open","ping_status":"open","sticky":false,"template":"","format":"standard","meta":{"ngg_post_thumbnail":0,"footnotes":""},"categories":[5478],"tags":[],"class_list":["post-10168","post","type-post","status-publish","format-standard","has-post-thumbnail","hentry","category-elben-cesar"],"publishpress_future_action":{"enabled":false,"date":"2026-05-04 17:56:21","action":"change-status","newStatus":"draft","terms":[],"taxonomy":"category","extraData":[]},"publishpress_future_workflow_manual_trigger":{"enabledWorkflows":[]},"_links":{"self":[{"href":"https:\/\/ultimato.com.br\/sites\/devocional-diaria\/wp-json\/wp\/v2\/posts\/10168","targetHints":{"allow":["GET"]}}],"collection":[{"href":"https:\/\/ultimato.com.br\/sites\/devocional-diaria\/wp-json\/wp\/v2\/posts"}],"about":[{"href":"https:\/\/ultimato.com.br\/sites\/devocional-diaria\/wp-json\/wp\/v2\/types\/post"}],"author":[{"embeddable":true,"href":"https:\/\/ultimato.com.br\/sites\/devocional-diaria\/wp-json\/wp\/v2\/users\/21"}],"replies":[{"embeddable":true,"href":"https:\/\/ultimato.com.br\/sites\/devocional-diaria\/wp-json\/wp\/v2\/comments?post=10168"}],"version-history":[{"count":2,"href":"https:\/\/ultimato.com.br\/sites\/devocional-diaria\/wp-json\/wp\/v2\/posts\/10168\/revisions"}],"predecessor-version":[{"id":10174,"href":"https:\/\/ultimato.com.br\/sites\/devocional-diaria\/wp-json\/wp\/v2\/posts\/10168\/revisions\/10174"}],"wp:featuredmedia":[{"embeddable":true,"href":"https:\/\/ultimato.com.br\/sites\/devocional-diaria\/wp-json\/wp\/v2\/media\/161"}],"wp:attachment":[{"href":"https:\/\/ultimato.com.br\/sites\/devocional-diaria\/wp-json\/wp\/v2\/media?parent=10168"}],"wp:term":[{"taxonomy":"category","embeddable":true,"href":"https:\/\/ultimato.com.br\/sites\/devocional-diaria\/wp-json\/wp\/v2\/categories?post=10168"},{"taxonomy":"post_tag","embeddable":true,"href":"https:\/\/ultimato.com.br\/sites\/devocional-diaria\/wp-json\/wp\/v2\/tags?post=10168"}],"curies":[{"name":"wp","href":"https:\/\/api.w.org\/{rel}","templated":true}]}}