{"id":10166,"date":"2023-01-05T00:00:13","date_gmt":"2023-01-05T02:00:13","guid":{"rendered":"https:\/\/ultimato.com.br\/sites\/devocional-diaria\/?p=10166"},"modified":"2023-01-03T12:30:51","modified_gmt":"2023-01-03T14:30:51","slug":"ainda-nao-2","status":"publish","type":"post","link":"https:\/\/ultimato.com.br\/sites\/devocional-diaria\/2023\/01\/05\/autor\/ricardo-barbosa-de-sousa\/ainda-nao-2\/","title":{"rendered":"Ainda n\u00e3o&#8230;"},"content":{"rendered":"<p>Mas Deus prova o seu pr\u00f3prio amor para conosco pelo fato de ter Cristo morrido por n\u00f3s, sendo n\u00f3s ainda pecadores. (Romanos 5.8)<\/p>\n<p>Eu gosto quando o ap\u00f3stolo Paulo usa o adv\u00e9rbio \u201cainda\u201d. Fala de alguma\u00a0coisa n\u00e3o conclu\u00edda, incompleta, em forma\u00e7\u00e3o. Deus vem a n\u00f3s quando ainda\u00a0n\u00e3o somos. Ainda n\u00e3o somos os homens e mulheres que dever\u00edamos ser,\u00a0ainda n\u00e3o amamos como dever\u00edamos amar, ainda n\u00e3o somos os amigos que\u00a0gostar\u00edamos de ser, ainda n\u00e3o somos honestos, verdadeiros, sinceros\u2026 ainda\u00a0n\u00e3o. Cristo morreu por n\u00f3s quando ainda \u00e9ramos pecadores, e sua morte\u00a0continua demonstrando seu amor por n\u00f3s, que ainda continuamos pecando.<\/p>\n<p>O \u201cainda n\u00e3o\u201d sempre far\u00e1 parte da nossa experi\u00eancia espiritual, da nossa\u00a0necessidade de salva\u00e7\u00e3o, da nossa vida comunit\u00e1ria. O amor de Deus \u00e9 manifestado\u00a0a n\u00f3s enquanto ainda lutamos com nossas limita\u00e7\u00f5es, finitudes e\u00a0pecados. Precisamos aprender a usar esse adv\u00e9rbio e demonstrar nosso amor\u00a0\u00e0queles que tamb\u00e9m \u201cainda n\u00e3o\u201d chegaram a ser. A igreja \u00e9 uma comunidade\u00a0que ainda aguarda a plena salva\u00e7\u00e3o.<\/p>\n<p>Voc\u00ea tem tido para com os outros a mesma paci\u00eancia que Deus tem para\u00a0com voc\u00ea? Reconhe\u00e7a que voc\u00ea ainda n\u00e3o chegou a ser o que Deus espera de\u00a0voc\u00ea e ore para que seu amor para com os que tamb\u00e9m ainda n\u00e3o s\u00e3o seja\u00a0mediado pela gra\u00e7a manifestada na cruz de Cristo.<\/p>\n<p>\u201cSenhor, n\u00e3o \u00e9 minha ora\u00e7\u00e3o, n\u00e3o s\u00e3o minhas l\u00e1grimas, n\u00e3o \u00e9 minha a\u00e7\u00e3o\u00a0nem meu sofrimento, n\u00e3o \u00e9 minha luta nem minha esperan\u00e7a que me salvam.\u00a0\u00c9 tua gra\u00e7a, nada mais\u201d (Eva von Tiele-Winckler, 1866\u20131930).<\/p>\n<p>\u00c9 bom saber que provas teu amor vindo a n\u00f3s quando o pecado ainda faz parte\u00a0de nossa vida, que n\u00e3o esperas de n\u00f3s a perfei\u00e7\u00e3o, a pureza, para nos amar, que\u00a0nos amas assim como somos, pecadores e imperfeitos. Somente um amor assim\u00a0nos d\u00e1 for\u00e7as para lutar contra o pecado, para confess\u00e1-lo e seguir no caminho\u00a0da f\u00e9, aprendendo, ouvindo, provando e crescendo. Am\u00e9m.<\/p>\n<p>&nbsp;<\/p>\n<p><strong>&gt;&gt; Retirado de\u00a0<em><a href=\"https:\/\/www.ultimato.com.br\/loja\/produtos\/refeicoes-diarias-celebrando-a-reconciliacao\">Refei\u00e7\u00f5es Di\u00e1rias \u2013 Celebrando a Reconcilia\u00e7\u00e3o<\/a><\/em>. Editora Ultimato.<\/strong><\/p>\n<p>Ou\u00e7a e compartilhe nossas devocionais pelo <a href=\"https:\/\/open.spotify.com\/show\/7CG8DL9dgWZEgPzX3rnk51?si=1dbGejI2TQS16eamNjb2rA\">Spotify<\/a>!<\/p>\n<p>&nbsp;<\/p>\n<p><iframe loading=\"lazy\" style=\"border-radius: 12px;\" src=\"https:\/\/open.spotify.com\/embed\/show\/7CG8DL9dgWZEgPzX3rnk51?utm_source=generator&amp;theme=0\" width=\"100%\" height=\"152\" frameborder=\"0\" allowfullscreen=\"allowfullscreen\"><\/iframe><\/p>\n","protected":false},"excerpt":{"rendered":"<p>Mas Deus prova o seu pr\u00f3prio amor para conosco pelo fato de ter Cristo morrido por n\u00f3s, sendo n\u00f3s ainda pecadores. (Romanos 5.8) Eu gosto quando o ap\u00f3stolo Paulo usa o adv\u00e9rbio \u201cainda\u201d. Fala de alguma\u00a0coisa n\u00e3o conclu\u00edda, incompleta, em forma\u00e7\u00e3o. Deus vem a n\u00f3s quando ainda\u00a0n\u00e3o somos. Ainda n\u00e3o somos os homens e mulheres [&hellip;]<\/p>\n","protected":false},"author":21,"featured_media":162,"comment_status":"open","ping_status":"open","sticky":false,"template":"","format":"standard","meta":{"ngg_post_thumbnail":0,"footnotes":""},"categories":[17805],"tags":[],"class_list":["post-10166","post","type-post","status-publish","format-standard","has-post-thumbnail","hentry","category-ricardo-barbosa-de-sousa"],"publishpress_future_action":{"enabled":false,"date":"2026-05-04 16:29:44","action":"change-status","newStatus":"draft","terms":[],"taxonomy":"category","extraData":[]},"publishpress_future_workflow_manual_trigger":{"enabledWorkflows":[]},"_links":{"self":[{"href":"https:\/\/ultimato.com.br\/sites\/devocional-diaria\/wp-json\/wp\/v2\/posts\/10166","targetHints":{"allow":["GET"]}}],"collection":[{"href":"https:\/\/ultimato.com.br\/sites\/devocional-diaria\/wp-json\/wp\/v2\/posts"}],"about":[{"href":"https:\/\/ultimato.com.br\/sites\/devocional-diaria\/wp-json\/wp\/v2\/types\/post"}],"author":[{"embeddable":true,"href":"https:\/\/ultimato.com.br\/sites\/devocional-diaria\/wp-json\/wp\/v2\/users\/21"}],"replies":[{"embeddable":true,"href":"https:\/\/ultimato.com.br\/sites\/devocional-diaria\/wp-json\/wp\/v2\/comments?post=10166"}],"version-history":[{"count":1,"href":"https:\/\/ultimato.com.br\/sites\/devocional-diaria\/wp-json\/wp\/v2\/posts\/10166\/revisions"}],"predecessor-version":[{"id":10167,"href":"https:\/\/ultimato.com.br\/sites\/devocional-diaria\/wp-json\/wp\/v2\/posts\/10166\/revisions\/10167"}],"wp:featuredmedia":[{"embeddable":true,"href":"https:\/\/ultimato.com.br\/sites\/devocional-diaria\/wp-json\/wp\/v2\/media\/162"}],"wp:attachment":[{"href":"https:\/\/ultimato.com.br\/sites\/devocional-diaria\/wp-json\/wp\/v2\/media?parent=10166"}],"wp:term":[{"taxonomy":"category","embeddable":true,"href":"https:\/\/ultimato.com.br\/sites\/devocional-diaria\/wp-json\/wp\/v2\/categories?post=10166"},{"taxonomy":"post_tag","embeddable":true,"href":"https:\/\/ultimato.com.br\/sites\/devocional-diaria\/wp-json\/wp\/v2\/tags?post=10166"}],"curies":[{"name":"wp","href":"https:\/\/api.w.org\/{rel}","templated":true}]}}