{"id":10164,"date":"2023-01-04T00:00:50","date_gmt":"2023-01-04T02:00:50","guid":{"rendered":"https:\/\/ultimato.com.br\/sites\/devocional-diaria\/?p=10164"},"modified":"2023-01-02T10:17:56","modified_gmt":"2023-01-02T12:17:56","slug":"como-pedir-fe-sem-fe-5","status":"publish","type":"post","link":"https:\/\/ultimato.com.br\/sites\/devocional-diaria\/2023\/01\/04\/autor\/elben-cesar\/como-pedir-fe-sem-fe-5\/","title":{"rendered":"Como pedir f\u00e9 sem f\u00e9"},"content":{"rendered":"<p>Pe\u00e7am com f\u00e9 e n\u00e3o duvidem de modo nenhum. (Tg 1.6a)<\/p>\n<p>Tiago acaba de dizer que Deus responder\u00e1 \u00e0 ora\u00e7\u00e3o \u201cporque \u00e9 generoso e\u00a0d\u00e1 com bondade a todos\u201d. Esse \u201ctodos\u201d n\u00e3o inclui os crentes sem f\u00e9. Da\u00ed a\u00a0exorta\u00e7\u00e3o: \u201cTenham tamb\u00e9m coragem ao pedir e acreditem de verdade, sem\u00a0pensar duas vezes\u201d (1.6a, AM). Nesse caso, aquele que n\u00e3o tem f\u00e9 deve primeiro\u00a0suplicar por f\u00e9, e n\u00e3o por sabedoria ou qualquer outra coisa. Por\u00e9m,\u00a0como pedir f\u00e9 se a ora\u00e7\u00e3o sem f\u00e9 n\u00e3o \u00e9 v\u00e1lida? Como se pode pedir f\u00e9 sem f\u00e9?<\/p>\n<p>Talvez haja uma f\u00e9 t\u00e3o pequena quanto a subst\u00e2ncia ainda informe que est\u00e1\u00a0no \u00fatero de uma mulher que acabou de engravidar. \u00c9 pequena, mas existe.\u00a0Jesus n\u00e3o disse que a pequena f\u00e9, do tamanho de uma semente de mostarda,\u00a0seria suficiente para transportar montanhas de um lugar para outro (Mt 17.20)?\u00a0Os disc\u00edpulos de Jesus n\u00e3o foram humildes e honestos para pedir ao Senhor:\u00a0\u201cAumente a nossa f\u00e9\u201d (Lc 17.5)? E o pai daquele endemoninhado n\u00e3o disse a\u00a0Jesus: \u201cEu tenho f\u00e9! Ajuda-me a ter mais f\u00e9 ainda!\u201d (Mc 9.24)?<\/p>\n<p>E se aquele que ora acha que nem a f\u00e9 do tamanho de um embri\u00e3o ele\u00a0tem, ele pode come\u00e7ar a subir a montanha da f\u00e9 confessando essa car\u00eancia.\u00a0Ele deve sentar-se entre os que creem e, desse modo, ser imperceptivelmente\u00a0contagiado por eles. Ele deve se aproximar da Palavra de Deus, pois \u201ca f\u00e9 vem\u00a0por ouvir a mensagem, e a mensagem vem por meio da prega\u00e7\u00e3o a respeito de\u00a0Cristo\u201d (Rm 10.17, AS21). Ele deve levar a s\u00e9rio o que est\u00e1 registrado no livro\u00a0do profeta Isa\u00edas: \u201cEscutem, os que t\u00eam sede: venham beber \u00e1gua! Venham,\u00a0os que n\u00e3o t\u00eam dinheiro [ou os que n\u00e3o t\u00eam f\u00e9]: comprem comida e comam!\u00a0Venham e comprem leite e vinho, que tudo \u00e9 de gra\u00e7a\u201d (Is 55.1). Abra\u00e3o n\u00e3o\u00a0creu de uma hora para a outra. A f\u00e9 do chamado \u201cpai da f\u00e9\u201d foi crescendo de\u00a0lance em lance, de degrau em degrau.<\/p>\n<p>F\u00e9 pequena n\u00e3o \u00e9 uma sina!<strong>\u00a0<\/strong><\/p>\n<p><strong>\u00a0<\/strong><\/p>\n<p><strong>&gt;&gt; Retirado de\u00a0<em><a href=\"https:\/\/www.ultimato.com.br\/loja\/produtos\/refeicoes-diarias-com-os-discipulos\">Refei\u00e7\u00f5es Di\u00e1rias com os Disc\u00edpulos<\/a><\/em> [Elben C\u00e9sar]. <\/strong><strong>Editora Ultimato.<\/strong><strong>\u00a0<\/strong><\/p>\n<p>Ou\u00e7a e compartilhe nossas devocionais pelo <a href=\"https:\/\/open.spotify.com\/show\/7CG8DL9dgWZEgPzX3rnk51?si=1dbGejI2TQS16eamNjb2rA\">Spotify<\/a>!<\/p>\n<p>&nbsp;<\/p>\n<p><iframe loading=\"lazy\" style=\"border-radius: 12px;\" src=\"https:\/\/open.spotify.com\/embed\/show\/7CG8DL9dgWZEgPzX3rnk51?utm_source=generator&amp;theme=0\" width=\"100%\" height=\"152\" frameborder=\"0\" allowfullscreen=\"allowfullscreen\"><\/iframe><\/p>\n","protected":false},"excerpt":{"rendered":"<p>Pe\u00e7am com f\u00e9 e n\u00e3o duvidem de modo nenhum. (Tg 1.6a) Tiago acaba de dizer que Deus responder\u00e1 \u00e0 ora\u00e7\u00e3o \u201cporque \u00e9 generoso e\u00a0d\u00e1 com bondade a todos\u201d. Esse \u201ctodos\u201d n\u00e3o inclui os crentes sem f\u00e9. Da\u00ed a\u00a0exorta\u00e7\u00e3o: \u201cTenham tamb\u00e9m coragem ao pedir e acreditem de verdade, sem\u00a0pensar duas vezes\u201d (1.6a, AM). Nesse caso, aquele [&hellip;]<\/p>\n","protected":false},"author":21,"featured_media":163,"comment_status":"open","ping_status":"open","sticky":false,"template":"","format":"standard","meta":{"ngg_post_thumbnail":0,"footnotes":""},"categories":[5478],"tags":[],"class_list":["post-10164","post","type-post","status-publish","format-standard","has-post-thumbnail","hentry","category-elben-cesar"],"publishpress_future_action":{"enabled":false,"date":"2026-05-04 18:03:05","action":"change-status","newStatus":"draft","terms":[],"taxonomy":"category","extraData":[]},"publishpress_future_workflow_manual_trigger":{"enabledWorkflows":[]},"_links":{"self":[{"href":"https:\/\/ultimato.com.br\/sites\/devocional-diaria\/wp-json\/wp\/v2\/posts\/10164","targetHints":{"allow":["GET"]}}],"collection":[{"href":"https:\/\/ultimato.com.br\/sites\/devocional-diaria\/wp-json\/wp\/v2\/posts"}],"about":[{"href":"https:\/\/ultimato.com.br\/sites\/devocional-diaria\/wp-json\/wp\/v2\/types\/post"}],"author":[{"embeddable":true,"href":"https:\/\/ultimato.com.br\/sites\/devocional-diaria\/wp-json\/wp\/v2\/users\/21"}],"replies":[{"embeddable":true,"href":"https:\/\/ultimato.com.br\/sites\/devocional-diaria\/wp-json\/wp\/v2\/comments?post=10164"}],"version-history":[{"count":1,"href":"https:\/\/ultimato.com.br\/sites\/devocional-diaria\/wp-json\/wp\/v2\/posts\/10164\/revisions"}],"predecessor-version":[{"id":10165,"href":"https:\/\/ultimato.com.br\/sites\/devocional-diaria\/wp-json\/wp\/v2\/posts\/10164\/revisions\/10165"}],"wp:featuredmedia":[{"embeddable":true,"href":"https:\/\/ultimato.com.br\/sites\/devocional-diaria\/wp-json\/wp\/v2\/media\/163"}],"wp:attachment":[{"href":"https:\/\/ultimato.com.br\/sites\/devocional-diaria\/wp-json\/wp\/v2\/media?parent=10164"}],"wp:term":[{"taxonomy":"category","embeddable":true,"href":"https:\/\/ultimato.com.br\/sites\/devocional-diaria\/wp-json\/wp\/v2\/categories?post=10164"},{"taxonomy":"post_tag","embeddable":true,"href":"https:\/\/ultimato.com.br\/sites\/devocional-diaria\/wp-json\/wp\/v2\/tags?post=10164"}],"curies":[{"name":"wp","href":"https:\/\/api.w.org\/{rel}","templated":true}]}}