{"id":10162,"date":"2023-01-03T00:00:39","date_gmt":"2023-01-03T02:00:39","guid":{"rendered":"https:\/\/ultimato.com.br\/sites\/devocional-diaria\/?p=10162"},"modified":"2023-01-02T10:12:01","modified_gmt":"2023-01-02T12:12:01","slug":"o-cisco-e-a-viga-2","status":"publish","type":"post","link":"https:\/\/ultimato.com.br\/sites\/devocional-diaria\/2023\/01\/03\/autor\/elben-cesar\/o-cisco-e-a-viga-2\/","title":{"rendered":"O cisco e a viga"},"content":{"rendered":"<p>Quem pode discernir os pr\u00f3prios erros? Absolve-me dos que desconhe\u00e7o! (Sl 19.12)<\/p>\n<p>Qualquer pessoa s\u00e9ria e de bom senso h\u00e1 de admitir que \u00e9 culpada de pecados conscientes e de pecados que ainda n\u00e3o chegaram devidamente ao seu conhecimento.<\/p>\n<p>H\u00e1 dois exemplos cl\u00e1ssicos de pecado n\u00e3o admitido nas Escrituras. O primeiro est\u00e1 no final do Antigo Testamento e o segundo, no final do Novo Testamento. Por interm\u00e9dio do profeta Malaquias, Deus acusa Israel de v\u00e1rias desordens. Uma delas \u00e9 o absurdo de oferecer animal aleijado e doente como oferta pelos pecados, quando deveria ser animal sem defeito. Depois de cada den\u00fancia, o povo se diz tomado de surpresa com a acusa\u00e7\u00e3o feita (Ml 1.6; 3.8). O mesmo acontece com a triste igreja de Laodiceia, que desconhecia sua pobreza, sua cegueira, sua nudez e sua frieza espiritual (Ap 3.17).<\/p>\n<p>Jesus trata desse assunto numa de suas mais pesadas den\u00fancias: \u201cPor que voc\u00ea repara no cisco que est\u00e1 no olho do seu irm\u00e3o, e n\u00e3o se d\u00e1 conta da viga que est\u00e1 em seu pr\u00f3prio olho?\u201d (Mt 7.3).<\/p>\n<p>A dificuldade de enxergar o pecado pr\u00f3prio est\u00e1 na grande quantidade de autodefesas. Como n\u00e3o temos interesse em inocentar o nosso pr\u00f3ximo, vemos \u00e0 dist\u00e2ncia o cisco que est\u00e1 no olho dele e n\u00e3o conseguimos enxergar a viga que est\u00e1 em nosso olho!<\/p>\n<p>Precisamos de perd\u00e3o n\u00e3o s\u00f3 para os pecados conscientes, mas tam\u00adb\u00e9m para os pecados ainda n\u00e3o reconhecidos pela pr\u00f3pria consci\u00eancia. Nada impede que pe\u00e7amos perd\u00e3o antecipadamente, \u00e0 semelhan\u00e7a do salmista: \u201cAbsolve-me dos [erros] que desconhe\u00e7o\u201d (Sl 19.12). Embora ainda n\u00e3o saibamos dizer com clareza qual foi o pecado cometido, temos certeza de que o cometemos. A plena consci\u00eancia vir\u00e1 com o tempo.<strong>\u00a0<\/strong><\/p>\n<p><strong>\u00a0<\/strong><\/p>\n<p><strong>&gt;&gt; Retirado de\u00a0<em><a href=\"https:\/\/www.ultimato.com.br\/loja\/produtos\/um-ano-com-os-salmos\">Um Ano com os Salmos<\/a><\/em> [Elben C\u00e9sar]. <\/strong><strong>Editora Ultimato.<\/strong><strong>\u00a0<\/strong><\/p>\n<p>Ou\u00e7a e compartilhe nossas devocionais pelo <a href=\"https:\/\/open.spotify.com\/show\/7CG8DL9dgWZEgPzX3rnk51?si=1dbGejI2TQS16eamNjb2rA\">Spotify<\/a>!<\/p>\n<p>&nbsp;<\/p>\n<p><iframe loading=\"lazy\" style=\"border-radius: 12px;\" src=\"https:\/\/open.spotify.com\/embed\/show\/7CG8DL9dgWZEgPzX3rnk51?utm_source=generator&amp;theme=0\" width=\"100%\" height=\"152\" frameborder=\"0\" allowfullscreen=\"allowfullscreen\"><\/iframe><\/p>\n","protected":false},"excerpt":{"rendered":"<p>Quem pode discernir os pr\u00f3prios erros? Absolve-me dos que desconhe\u00e7o! (Sl 19.12) Qualquer pessoa s\u00e9ria e de bom senso h\u00e1 de admitir que \u00e9 culpada de pecados conscientes e de pecados que ainda n\u00e3o chegaram devidamente ao seu conhecimento. H\u00e1 dois exemplos cl\u00e1ssicos de pecado n\u00e3o admitido nas Escrituras. O primeiro est\u00e1 no final do [&hellip;]<\/p>\n","protected":false},"author":21,"featured_media":164,"comment_status":"open","ping_status":"open","sticky":false,"template":"","format":"standard","meta":{"ngg_post_thumbnail":0,"footnotes":""},"categories":[5478],"tags":[],"class_list":["post-10162","post","type-post","status-publish","format-standard","has-post-thumbnail","hentry","category-elben-cesar"],"publishpress_future_action":{"enabled":false,"date":"2026-05-04 19:24:13","action":"change-status","newStatus":"draft","terms":[],"taxonomy":"category","extraData":[]},"publishpress_future_workflow_manual_trigger":{"enabledWorkflows":[]},"_links":{"self":[{"href":"https:\/\/ultimato.com.br\/sites\/devocional-diaria\/wp-json\/wp\/v2\/posts\/10162","targetHints":{"allow":["GET"]}}],"collection":[{"href":"https:\/\/ultimato.com.br\/sites\/devocional-diaria\/wp-json\/wp\/v2\/posts"}],"about":[{"href":"https:\/\/ultimato.com.br\/sites\/devocional-diaria\/wp-json\/wp\/v2\/types\/post"}],"author":[{"embeddable":true,"href":"https:\/\/ultimato.com.br\/sites\/devocional-diaria\/wp-json\/wp\/v2\/users\/21"}],"replies":[{"embeddable":true,"href":"https:\/\/ultimato.com.br\/sites\/devocional-diaria\/wp-json\/wp\/v2\/comments?post=10162"}],"version-history":[{"count":1,"href":"https:\/\/ultimato.com.br\/sites\/devocional-diaria\/wp-json\/wp\/v2\/posts\/10162\/revisions"}],"predecessor-version":[{"id":10163,"href":"https:\/\/ultimato.com.br\/sites\/devocional-diaria\/wp-json\/wp\/v2\/posts\/10162\/revisions\/10163"}],"wp:featuredmedia":[{"embeddable":true,"href":"https:\/\/ultimato.com.br\/sites\/devocional-diaria\/wp-json\/wp\/v2\/media\/164"}],"wp:attachment":[{"href":"https:\/\/ultimato.com.br\/sites\/devocional-diaria\/wp-json\/wp\/v2\/media?parent=10162"}],"wp:term":[{"taxonomy":"category","embeddable":true,"href":"https:\/\/ultimato.com.br\/sites\/devocional-diaria\/wp-json\/wp\/v2\/categories?post=10162"},{"taxonomy":"post_tag","embeddable":true,"href":"https:\/\/ultimato.com.br\/sites\/devocional-diaria\/wp-json\/wp\/v2\/tags?post=10162"}],"curies":[{"name":"wp","href":"https:\/\/api.w.org\/{rel}","templated":true}]}}