{"id":10160,"date":"2023-01-02T08:00:25","date_gmt":"2023-01-02T10:00:25","guid":{"rendered":"https:\/\/ultimato.com.br\/sites\/devocional-diaria\/?p=10160"},"modified":"2023-01-02T09:02:53","modified_gmt":"2023-01-02T11:02:53","slug":"jesus-e-enviado-pelo-pai","status":"publish","type":"post","link":"https:\/\/ultimato.com.br\/sites\/devocional-diaria\/2023\/01\/02\/autor\/elben-cesar\/jesus-e-enviado-pelo-pai\/","title":{"rendered":"Jesus \u00e9 enviado pelo Pai"},"content":{"rendered":"<p>Deus amou o mundo de tal maneira que deu o seu Filho unig\u00eanito, para que todo o que nele cr\u00ea n\u00e3o pere\u00e7a, mas tenha a vida eterna. (Jo\u00e3o 3.16)<\/p>\n<p>Deus tem uma agenda e nela havia um compromisso muito importante. T\u00e3o importante e solene que a data do seu cumprimento \u00e9 chamada de \u201ca plenitude do tempo\u201d (Gl 4.4). Foi exatamente nessa data \u00e1urea que \u201cDeus enviou o seu pr\u00f3prio Filho, que veio como filho de m\u00e3e humana e viveu debaixo da lei para libertar os que estavam debaixo da lei, a fim de que n\u00f3s pud\u00e9ssemos nos tornar filhos de Deus\u201d (Gl 4.4-5, NTLH). Foi o imenso amor de Deus pelo mundo que tornou vi\u00e1vel a vinda corp\u00f3rea de seu Filho unig\u00eanito. Nessa altura, \u201cDeus mandou o seu Filho para salvar o mundo e n\u00e3o para julg\u00e1-lo\u201d (Jo 3.17, NTLH).<\/p>\n<p>O dia mais importante da hist\u00f3ria da civiliza\u00e7\u00e3o n\u00e3o foi o dia em que os dois primeiros terr\u00e1queos colocaram os p\u00e9s na superf\u00edcie lunar (20 de julho de 1969), mas o dia em que o Filho de Deus colocou os p\u00e9s sobre o ch\u00e3o deste mundo pecador, como observa o evangelista Billy Graham.<\/p>\n<p>Aos cor\u00edntios, Paulo, em vez de usar a express\u00e3o \u201cplenitude do tempo\u201d, diz \u201cfins dos s\u00e9culos\u201d (1Co 10.11), ou \u201c\u00faltimos dias\u201d (BV), ou \u201cetapa final\u201d (BP).<\/p>\n<p>\u2014 Que darei ao Senhor pela gra\u00e7a de ser libertado, e n\u00e3o julgado e condenado?<strong>\u00a0\u00a0<\/strong><\/p>\n<p><strong>\u00a0<\/strong><\/p>\n<p><strong>&gt;&gt; Retirado de\u00a0<em><a href=\"https:\/\/www.ultimato.com.br\/loja\/produtos\/refeicoes-diarias-com-jesus\">Refei\u00e7\u00f5es Di\u00e1rias com Jesus<\/a><\/em> [Elben C\u00e9sar]. <\/strong><strong>Editora Ultimato.<\/strong><\/p>\n<p>Ou\u00e7a e compartilhe nossas devocionais pelo <a href=\"https:\/\/open.spotify.com\/show\/7CG8DL9dgWZEgPzX3rnk51?si=1dbGejI2TQS16eamNjb2rA\">Spotify<\/a>!<\/p>\n<p>&nbsp;<\/p>\n<p><iframe loading=\"lazy\" style=\"border-radius: 12px;\" src=\"https:\/\/open.spotify.com\/embed\/show\/7CG8DL9dgWZEgPzX3rnk51?utm_source=generator&amp;theme=0\" width=\"100%\" height=\"152\" frameborder=\"0\" allowfullscreen=\"allowfullscreen\"><\/iframe><\/p>\n","protected":false},"excerpt":{"rendered":"<p>Deus amou o mundo de tal maneira que deu o seu Filho unig\u00eanito, para que todo o que nele cr\u00ea n\u00e3o pere\u00e7a, mas tenha a vida eterna. (Jo\u00e3o 3.16) Deus tem uma agenda e nela havia um compromisso muito importante. T\u00e3o importante e solene que a data do seu cumprimento \u00e9 chamada de \u201ca plenitude [&hellip;]<\/p>\n","protected":false},"author":21,"featured_media":165,"comment_status":"open","ping_status":"open","sticky":false,"template":"","format":"standard","meta":{"ngg_post_thumbnail":0,"footnotes":""},"categories":[5478],"tags":[],"class_list":["post-10160","post","type-post","status-publish","format-standard","has-post-thumbnail","hentry","category-elben-cesar"],"publishpress_future_action":{"enabled":false,"date":"2026-05-04 20:56:34","action":"change-status","newStatus":"draft","terms":[],"taxonomy":"category","extraData":[]},"publishpress_future_workflow_manual_trigger":{"enabledWorkflows":[]},"_links":{"self":[{"href":"https:\/\/ultimato.com.br\/sites\/devocional-diaria\/wp-json\/wp\/v2\/posts\/10160","targetHints":{"allow":["GET"]}}],"collection":[{"href":"https:\/\/ultimato.com.br\/sites\/devocional-diaria\/wp-json\/wp\/v2\/posts"}],"about":[{"href":"https:\/\/ultimato.com.br\/sites\/devocional-diaria\/wp-json\/wp\/v2\/types\/post"}],"author":[{"embeddable":true,"href":"https:\/\/ultimato.com.br\/sites\/devocional-diaria\/wp-json\/wp\/v2\/users\/21"}],"replies":[{"embeddable":true,"href":"https:\/\/ultimato.com.br\/sites\/devocional-diaria\/wp-json\/wp\/v2\/comments?post=10160"}],"version-history":[{"count":1,"href":"https:\/\/ultimato.com.br\/sites\/devocional-diaria\/wp-json\/wp\/v2\/posts\/10160\/revisions"}],"predecessor-version":[{"id":10161,"href":"https:\/\/ultimato.com.br\/sites\/devocional-diaria\/wp-json\/wp\/v2\/posts\/10160\/revisions\/10161"}],"wp:featuredmedia":[{"embeddable":true,"href":"https:\/\/ultimato.com.br\/sites\/devocional-diaria\/wp-json\/wp\/v2\/media\/165"}],"wp:attachment":[{"href":"https:\/\/ultimato.com.br\/sites\/devocional-diaria\/wp-json\/wp\/v2\/media?parent=10160"}],"wp:term":[{"taxonomy":"category","embeddable":true,"href":"https:\/\/ultimato.com.br\/sites\/devocional-diaria\/wp-json\/wp\/v2\/categories?post=10160"},{"taxonomy":"post_tag","embeddable":true,"href":"https:\/\/ultimato.com.br\/sites\/devocional-diaria\/wp-json\/wp\/v2\/tags?post=10160"}],"curies":[{"name":"wp","href":"https:\/\/api.w.org\/{rel}","templated":true}]}}