{"id":10149,"date":"2022-12-30T00:00:44","date_gmt":"2022-12-30T02:00:44","guid":{"rendered":"https:\/\/ultimato.com.br\/sites\/devocional-diaria\/?p=10149"},"modified":"2022-12-29T10:27:28","modified_gmt":"2022-12-29T12:27:28","slug":"ele-veio-como-servo","status":"publish","type":"post","link":"https:\/\/ultimato.com.br\/sites\/devocional-diaria\/2022\/12\/30\/autor\/elben-cesar\/ele-veio-como-servo\/","title":{"rendered":"Ele veio como servo"},"content":{"rendered":"<p><strong>\u00a0<\/strong>Assim Deus escolheu o seu servo e o mandou primeiro a voc\u00eas, para aben\u00e7o\u00e1-los, e para\u00a0que cada um de voc\u00eas abandone os seus pecados. (3.26)<\/p>\n<p>Jesus \u00e9 Pr\u00edncipe, mas veio como servo. Jesus \u00e9 o Unig\u00eanito do Pai, mas veio\u00a0como servo. Jesus \u00e9 o primog\u00eanito de toda a cria\u00e7\u00e3o, mas veio como servo.\u00a0Jesus \u00e9 a imagem vis\u00edvel do Deus invis\u00edvel, mas veio como servo. Jesus \u00e9 o\u00a0alfa e o \u00f4mega, o princ\u00edpio e o fim, o primeiro e o \u00faltimo, mas veio como\u00a0servo. Jesus \u00e9 a pedra fundamental, mas veio como servo. Jesus \u00e9 o Rei dos\u00a0reis e o Senhor dos senhores, mas veio como o servo. Os anjos desceram\u00a0do c\u00e9u para anunciar o nascimento de Jesus, mas ele veio com servo. Os\u00a0magos vieram do Oriente e trouxeram ouro, incenso e mirra, mas Jesus veio\u00a0como servo. Sime\u00e3o pegou o menino no colo e disse que ele era a esperada\u00a0salva\u00e7\u00e3o de Deus, mas Jesus veio como servo.<\/p>\n<p>Jesus \u00e9 chamado de servo desde o Antigo Testamento, mais de setecentos\u00a0anos antes de ele se fazer carne. O pr\u00f3prio Deus diz a seu respeito: \u201cTudo o\u00a0que o meu servo fizer dar\u00e1 certo; ele ser\u00e1 louvado e receber\u00e1 muitas homenagens\u201d\u00a0(Is 52.13). Ele \u00e9 o famoso servo sofredor do profeta Isa\u00edas: aquele\u00a0que carrega o nosso sofrimento; aquele que suporta a nossa dor; aquele que\u00a0toma sobre si as nossas culpas; aquele que \u00e9 preso, condenado e levado para\u00a0ser morto em nosso lugar; aquele que \u00e9 expulso do mundo dos vivos; aquele\u00a0que \u00e9 tratado como se fosse um criminoso (Is 53.1-12).<\/p>\n<p>Jesus portou-se como servo o tempo todo. Inclusive no que diz respeito\u00a0a necessidades n\u00e3o espirituais, como transformar \u00e1gua em vinho e, em duas\u00a0ocasi\u00f5es, multiplicar p\u00e3es e peixes em grande quantidade, como curar toda\u00a0esp\u00e9cie de doen\u00e7as, expulsar dem\u00f4nios e ressuscitar mortos. Ele veio como\u00a0servo especialmente para \u201cbuscar e salvar quem est\u00e1 perdido\u201d (Lc 19.10). Ele \u00e9\u00a0\u201co Cordeiro de Deus, que tira o pecado do mundo!\u201d (Jo 1.29). O mesmo que\u00a0desata os sete selos para que a hist\u00f3ria da reden\u00e7\u00e3o se complete (Ap 5.1-14).<strong>\u00a0<\/strong><\/p>\n<p><strong>\u00a0<\/strong><\/p>\n<p><strong>&gt;&gt; Retirado de\u00a0<em><a href=\"https:\/\/www.ultimato.com.br\/loja\/produtos\/refeicoes-diarias\">Refei\u00e7\u00f5es Di\u00e1rias \u2013 no partir do p\u00e3o e na ora\u00e7\u00e3o<\/a><\/em> [Elben C\u00e9sar]. Editora Ultimato.<\/strong><strong>\u00a0<\/strong><\/p>\n<p>Ou\u00e7a as nossas devocionais pelo <a href=\"https:\/\/open.spotify.com\/show\/7CG8DL9dgWZEgPzX3rnk51?si=1dbGejI2TQS16eamNjb2rA\">Spotify<\/a>!<\/p>\n<p><iframe loading=\"lazy\" style=\"border-radius: 12px;\" src=\"https:\/\/open.spotify.com\/embed\/show\/7CG8DL9dgWZEgPzX3rnk51?utm_source=generator&amp;theme=0\" width=\"100%\" height=\"152\" frameborder=\"0\" allowfullscreen=\"allowfullscreen\"><\/iframe><\/p>\n","protected":false},"excerpt":{"rendered":"<p>\u00a0Assim Deus escolheu o seu servo e o mandou primeiro a voc\u00eas, para aben\u00e7o\u00e1-los, e para\u00a0que cada um de voc\u00eas abandone os seus pecados. (3.26) Jesus \u00e9 Pr\u00edncipe, mas veio como servo. Jesus \u00e9 o Unig\u00eanito do Pai, mas veio\u00a0como servo. Jesus \u00e9 o primog\u00eanito de toda a cria\u00e7\u00e3o, mas veio como servo.\u00a0Jesus \u00e9 a [&hellip;]<\/p>\n","protected":false},"author":21,"featured_media":161,"comment_status":"open","ping_status":"open","sticky":false,"template":"","format":"standard","meta":{"ngg_post_thumbnail":0,"footnotes":""},"categories":[5478],"tags":[],"class_list":["post-10149","post","type-post","status-publish","format-standard","has-post-thumbnail","hentry","category-elben-cesar"],"publishpress_future_action":{"enabled":false,"date":"2026-05-04 22:14:44","action":"change-status","newStatus":"draft","terms":[],"taxonomy":"category","extraData":[]},"publishpress_future_workflow_manual_trigger":{"enabledWorkflows":[]},"_links":{"self":[{"href":"https:\/\/ultimato.com.br\/sites\/devocional-diaria\/wp-json\/wp\/v2\/posts\/10149","targetHints":{"allow":["GET"]}}],"collection":[{"href":"https:\/\/ultimato.com.br\/sites\/devocional-diaria\/wp-json\/wp\/v2\/posts"}],"about":[{"href":"https:\/\/ultimato.com.br\/sites\/devocional-diaria\/wp-json\/wp\/v2\/types\/post"}],"author":[{"embeddable":true,"href":"https:\/\/ultimato.com.br\/sites\/devocional-diaria\/wp-json\/wp\/v2\/users\/21"}],"replies":[{"embeddable":true,"href":"https:\/\/ultimato.com.br\/sites\/devocional-diaria\/wp-json\/wp\/v2\/comments?post=10149"}],"version-history":[{"count":2,"href":"https:\/\/ultimato.com.br\/sites\/devocional-diaria\/wp-json\/wp\/v2\/posts\/10149\/revisions"}],"predecessor-version":[{"id":10158,"href":"https:\/\/ultimato.com.br\/sites\/devocional-diaria\/wp-json\/wp\/v2\/posts\/10149\/revisions\/10158"}],"wp:featuredmedia":[{"embeddable":true,"href":"https:\/\/ultimato.com.br\/sites\/devocional-diaria\/wp-json\/wp\/v2\/media\/161"}],"wp:attachment":[{"href":"https:\/\/ultimato.com.br\/sites\/devocional-diaria\/wp-json\/wp\/v2\/media?parent=10149"}],"wp:term":[{"taxonomy":"category","embeddable":true,"href":"https:\/\/ultimato.com.br\/sites\/devocional-diaria\/wp-json\/wp\/v2\/categories?post=10149"},{"taxonomy":"post_tag","embeddable":true,"href":"https:\/\/ultimato.com.br\/sites\/devocional-diaria\/wp-json\/wp\/v2\/tags?post=10149"}],"curies":[{"name":"wp","href":"https:\/\/api.w.org\/{rel}","templated":true}]}}