{"id":10147,"date":"2022-12-29T00:00:35","date_gmt":"2022-12-29T02:00:35","guid":{"rendered":"https:\/\/ultimato.com.br\/sites\/devocional-diaria\/?p=10147"},"modified":"2022-12-27T09:55:14","modified_gmt":"2022-12-27T11:55:14","slug":"jesus-e-a-luminosa-estrela-dalva","status":"publish","type":"post","link":"https:\/\/ultimato.com.br\/sites\/devocional-diaria\/2022\/12\/29\/autor\/elben-cesar\/jesus-e-a-luminosa-estrela-dalva\/","title":{"rendered":"Jesus \u00e9 a luminosa estrela d\u2019alva"},"content":{"rendered":"<p>Uma estrela surgir\u00e1 de Jac\u00f3; um cetro se levantar\u00e1 de Israel. (N\u00fameros 24.17, NVI)<\/p>\n<p>Enquanto o sol brilha, n\u00e3o sentimos falta da brilhante estrela da manh\u00e3. Mas, o que dizer dos eg\u00edpcios por ocasi\u00e3o da nona praga, quan\u00addo densas trevas \u2014 t\u00e3o densas que podiam ser apalpadas \u2014 cobriram o Egito por tr\u00eas dias e ningu\u00e9m podia ver ningu\u00e9m nem sair do lugar (\u00cax 10.21-23)? O que dizer da multid\u00e3o subitamente coberta de trevas em pleno dia, do meio-dia \u00e0s tr\u00eas da tarde, no dia da crucifica\u00e7\u00e3o de Jesus (Mt 27.45)? O que dizer das 276 pessoas que estavam a bordo do navio alexandrino e que por muitos dias n\u00e3o viram nem o sol nem as estrelas por causa de uma tempestade incomum (At 27.20)? O que dizer, ent\u00e3o, quando a escurid\u00e3o n\u00e3o \u00e9 provocada pela aus\u00eancia do sol, da lua e das estrelas, mas pela aus\u00eancia de Jesus, a luz do mundo (Jo 8.12)?<\/p>\n<p>O Senhor anunciou que antes da par\u00fasia o sol escurecer\u00e1, a lua n\u00e3o dar\u00e1 a sua luz e as estrelas cair\u00e3o do c\u00e9u. Por\u00e9m, depois, todos ver\u00e3o o Filho do Homem vindo com poder e muita gl\u00f3ria (Mt 24.29-30). Nessa ocasi\u00e3o, na plenitude da salva\u00e7\u00e3o, Jesus se apresentar\u00e1: \u201cEu sou a raiz e o broto de Davi, a luminosa estrela d\u2019alva\u201d (Ap 22.16, HR).<\/p>\n<p>\u2014 N\u00e3o preciso esperar a par\u00fasia: Jesus j\u00e1 \u00e9 a minha luz!<strong>\u00a0\u00a0<\/strong><\/p>\n<p><strong>\u00a0<\/strong><\/p>\n<p><strong>&gt;&gt; Retirado de\u00a0<em><a href=\"https:\/\/www.ultimato.com.br\/loja\/produtos\/refeicoes-diarias-com-jesus\">Refei\u00e7\u00f5es Di\u00e1rias com Jesus<\/a><\/em> [Elben C\u00e9sar]. Editora Ultimato.<\/strong><\/p>\n<p>Ou\u00e7a as nossas devocionais pelo <a href=\"https:\/\/open.spotify.com\/show\/7CG8DL9dgWZEgPzX3rnk51?si=1dbGejI2TQS16eamNjb2rA\">Spotify<\/a>!<\/p>\n<p><iframe loading=\"lazy\" style=\"border-radius: 12px;\" src=\"https:\/\/open.spotify.com\/embed\/show\/7CG8DL9dgWZEgPzX3rnk51?utm_source=generator&amp;theme=0\" width=\"100%\" height=\"152\" frameborder=\"0\" allowfullscreen=\"allowfullscreen\"><\/iframe><\/p>\n","protected":false},"excerpt":{"rendered":"<p>Uma estrela surgir\u00e1 de Jac\u00f3; um cetro se levantar\u00e1 de Israel. (N\u00fameros 24.17, NVI) Enquanto o sol brilha, n\u00e3o sentimos falta da brilhante estrela da manh\u00e3. Mas, o que dizer dos eg\u00edpcios por ocasi\u00e3o da nona praga, quan\u00addo densas trevas \u2014 t\u00e3o densas que podiam ser apalpadas \u2014 cobriram o Egito por tr\u00eas dias e [&hellip;]<\/p>\n","protected":false},"author":21,"featured_media":162,"comment_status":"open","ping_status":"open","sticky":false,"template":"","format":"standard","meta":{"ngg_post_thumbnail":0,"footnotes":""},"categories":[5478],"tags":[],"class_list":["post-10147","post","type-post","status-publish","format-standard","has-post-thumbnail","hentry","category-elben-cesar"],"publishpress_future_action":{"enabled":false,"date":"2026-05-04 20:42:56","action":"change-status","newStatus":"draft","terms":[],"taxonomy":"category","extraData":[]},"publishpress_future_workflow_manual_trigger":{"enabledWorkflows":[]},"_links":{"self":[{"href":"https:\/\/ultimato.com.br\/sites\/devocional-diaria\/wp-json\/wp\/v2\/posts\/10147","targetHints":{"allow":["GET"]}}],"collection":[{"href":"https:\/\/ultimato.com.br\/sites\/devocional-diaria\/wp-json\/wp\/v2\/posts"}],"about":[{"href":"https:\/\/ultimato.com.br\/sites\/devocional-diaria\/wp-json\/wp\/v2\/types\/post"}],"author":[{"embeddable":true,"href":"https:\/\/ultimato.com.br\/sites\/devocional-diaria\/wp-json\/wp\/v2\/users\/21"}],"replies":[{"embeddable":true,"href":"https:\/\/ultimato.com.br\/sites\/devocional-diaria\/wp-json\/wp\/v2\/comments?post=10147"}],"version-history":[{"count":3,"href":"https:\/\/ultimato.com.br\/sites\/devocional-diaria\/wp-json\/wp\/v2\/posts\/10147\/revisions"}],"predecessor-version":[{"id":10157,"href":"https:\/\/ultimato.com.br\/sites\/devocional-diaria\/wp-json\/wp\/v2\/posts\/10147\/revisions\/10157"}],"wp:featuredmedia":[{"embeddable":true,"href":"https:\/\/ultimato.com.br\/sites\/devocional-diaria\/wp-json\/wp\/v2\/media\/162"}],"wp:attachment":[{"href":"https:\/\/ultimato.com.br\/sites\/devocional-diaria\/wp-json\/wp\/v2\/media?parent=10147"}],"wp:term":[{"taxonomy":"category","embeddable":true,"href":"https:\/\/ultimato.com.br\/sites\/devocional-diaria\/wp-json\/wp\/v2\/categories?post=10147"},{"taxonomy":"post_tag","embeddable":true,"href":"https:\/\/ultimato.com.br\/sites\/devocional-diaria\/wp-json\/wp\/v2\/tags?post=10147"}],"curies":[{"name":"wp","href":"https:\/\/api.w.org\/{rel}","templated":true}]}}