{"id":10145,"date":"2022-12-28T00:00:52","date_gmt":"2022-12-28T02:00:52","guid":{"rendered":"https:\/\/ultimato.com.br\/sites\/devocional-diaria\/?p=10145"},"modified":"2022-12-27T09:53:41","modified_gmt":"2022-12-27T11:53:41","slug":"paz-de-espirito","status":"publish","type":"post","link":"https:\/\/ultimato.com.br\/sites\/devocional-diaria\/2022\/12\/28\/autor\/elben-cesar\/paz-de-espirito\/","title":{"rendered":"Paz de esp\u00edrito"},"content":{"rendered":"<p>Eu vou, mas os deixarei com assist\u00eancia plena. \u00c9 meu presente de despedida\u00a0para voc\u00eas. Paz! N\u00e3o os deixo como geralmente acontece, com\u00a0aquele sentimento de abandono. Portanto, n\u00e3o fiquem deprimidos nem\u00a0perturbados. (Jo 14.27)<\/p>\n<p>A paz individual talvez seja mais dif\u00edcil do que a paz entre homens de ra\u00e7as\u00a0e culturas diferentes. Por\u00e9m, ela n\u00e3o \u00e9 imposs\u00edvel nem est\u00e1 al\u00e9m do alcance\u00a0de nossas m\u00e3os. \u00c9 uma paz complexa, delicada, interior, bem alicer\u00e7ada, que\u00a0foge ao esquema meramente humano e depende inteiramente das rela\u00e7\u00f5es\u00a0com Deus. A dificuldade em se obter esse tipo de paz est\u00e1 em nossos conceitos\u00a0err\u00f4neos, e n\u00e3o na complexidade da busca.<\/p>\n<p>Considere a express\u00e3o de Jesus contida em Jo\u00e3o 14.27: \u201cDeixo-vos a paz,\u00a0a <em>minha <\/em>paz vos dou; n\u00e3o vo-la dou como a d\u00e1 o mundo\u201d. Trata-se de uma\u00a0heran\u00e7a (\u201cdeixo-vos\u201d) ou legado (\u201cvos dou\u201d) de Cristo aos <em>seus <\/em>disc\u00edpulos.\u00a0Este \u00e9 o ponto de partida, pois a paz de Cristo \u00e9 a paz <em>com Deus<\/em>.<\/p>\n<p>O assunto \u00e9 profundo. Jesus fez \u201ca paz pelo sangue da sua cruz\u201d (Cl 1.20),\u00a0isto \u00e9, ele satisfez a justi\u00e7a divina e nos reconciliou com Deus. \u201cO castigo que\u00a0nos traz a paz estava sobre ele\u201d (Is 53.5). \u201cJustificados pois, mediante a f\u00e9,\u00a0tenhamos paz com Deus, por meio de nosso Senhor Jesus Cristo\u201d (Rm 5.1).<\/p>\n<p>Jamais haver\u00e1 paz de esp\u00edrito, paz individual, se a alma n\u00e3o estiver em\u00a0paz com Deus, se as rela\u00e7\u00f5es amig\u00e1veis entre o homem e seu Criador n\u00e3o\u00a0forem restabelecidas em car\u00e1ter definitivo.<\/p>\n<p>&nbsp;<\/p>\n<p><strong>&gt;&gt; Retirado de\u00a0<em><a href=\"https:\/\/www.ultimato.com.br\/loja\/produtos\/cuide-das-raizes-espere-pelos-frutos\">Cuide das Ra\u00edzes, Espere pelos Frutos<\/a><\/em>, [Elben C\u00e9sar]. Editora Ultimato.<\/strong><\/p>\n<p>Ou\u00e7a as nossas devocionais pelo <a href=\"https:\/\/open.spotify.com\/show\/7CG8DL9dgWZEgPzX3rnk51?si=1dbGejI2TQS16eamNjb2rA\">Spotify<\/a>!<\/p>\n<p><iframe loading=\"lazy\" style=\"border-radius: 12px;\" src=\"https:\/\/open.spotify.com\/embed\/show\/7CG8DL9dgWZEgPzX3rnk51?utm_source=generator&amp;theme=0\" width=\"100%\" height=\"152\" frameborder=\"0\" allowfullscreen=\"allowfullscreen\"><\/iframe><\/p>\n","protected":false},"excerpt":{"rendered":"<p>Eu vou, mas os deixarei com assist\u00eancia plena. \u00c9 meu presente de despedida\u00a0para voc\u00eas. Paz! N\u00e3o os deixo como geralmente acontece, com\u00a0aquele sentimento de abandono. Portanto, n\u00e3o fiquem deprimidos nem\u00a0perturbados. (Jo 14.27) A paz individual talvez seja mais dif\u00edcil do que a paz entre homens de ra\u00e7as\u00a0e culturas diferentes. Por\u00e9m, ela n\u00e3o \u00e9 imposs\u00edvel nem [&hellip;]<\/p>\n","protected":false},"author":21,"featured_media":163,"comment_status":"open","ping_status":"open","sticky":false,"template":"","format":"standard","meta":{"ngg_post_thumbnail":0,"footnotes":""},"categories":[5478],"tags":[],"class_list":["post-10145","post","type-post","status-publish","format-standard","has-post-thumbnail","hentry","category-elben-cesar"],"publishpress_future_action":{"enabled":false,"date":"2026-05-04 19:24:06","action":"change-status","newStatus":"draft","terms":[],"taxonomy":"category","extraData":[]},"publishpress_future_workflow_manual_trigger":{"enabledWorkflows":[]},"_links":{"self":[{"href":"https:\/\/ultimato.com.br\/sites\/devocional-diaria\/wp-json\/wp\/v2\/posts\/10145","targetHints":{"allow":["GET"]}}],"collection":[{"href":"https:\/\/ultimato.com.br\/sites\/devocional-diaria\/wp-json\/wp\/v2\/posts"}],"about":[{"href":"https:\/\/ultimato.com.br\/sites\/devocional-diaria\/wp-json\/wp\/v2\/types\/post"}],"author":[{"embeddable":true,"href":"https:\/\/ultimato.com.br\/sites\/devocional-diaria\/wp-json\/wp\/v2\/users\/21"}],"replies":[{"embeddable":true,"href":"https:\/\/ultimato.com.br\/sites\/devocional-diaria\/wp-json\/wp\/v2\/comments?post=10145"}],"version-history":[{"count":2,"href":"https:\/\/ultimato.com.br\/sites\/devocional-diaria\/wp-json\/wp\/v2\/posts\/10145\/revisions"}],"predecessor-version":[{"id":10155,"href":"https:\/\/ultimato.com.br\/sites\/devocional-diaria\/wp-json\/wp\/v2\/posts\/10145\/revisions\/10155"}],"wp:featuredmedia":[{"embeddable":true,"href":"https:\/\/ultimato.com.br\/sites\/devocional-diaria\/wp-json\/wp\/v2\/media\/163"}],"wp:attachment":[{"href":"https:\/\/ultimato.com.br\/sites\/devocional-diaria\/wp-json\/wp\/v2\/media?parent=10145"}],"wp:term":[{"taxonomy":"category","embeddable":true,"href":"https:\/\/ultimato.com.br\/sites\/devocional-diaria\/wp-json\/wp\/v2\/categories?post=10145"},{"taxonomy":"post_tag","embeddable":true,"href":"https:\/\/ultimato.com.br\/sites\/devocional-diaria\/wp-json\/wp\/v2\/tags?post=10145"}],"curies":[{"name":"wp","href":"https:\/\/api.w.org\/{rel}","templated":true}]}}