{"id":10143,"date":"2022-12-27T00:00:51","date_gmt":"2022-12-27T02:00:51","guid":{"rendered":"https:\/\/ultimato.com.br\/sites\/devocional-diaria\/?p=10143"},"modified":"2022-12-26T17:05:41","modified_gmt":"2022-12-26T19:05:41","slug":"a-coroa-dos-oprimidos-2","status":"publish","type":"post","link":"https:\/\/ultimato.com.br\/sites\/devocional-diaria\/2022\/12\/27\/autor\/elben-cesar\/a-coroa-dos-oprimidos-2\/","title":{"rendered":"A coroa dos oprimidos"},"content":{"rendered":"<p>O Senhor agrada-se do seu povo; ele coroa de vit\u00f3ria os oprimidos. (Sl 149.4.)<\/p>\n<p>O ato de oprimir n\u00e3o \u00e9 algo de menos import\u00e2ncia. Porque significa uma alta dose de sofrimento, humilha\u00e7\u00e3o e tirania, a opress\u00e3o sempre acende a ira de Deus. Por essa raz\u00e3o, o crente deve precaver-se de oprimir o forasteiro, o pobre, a vi\u00fava, o \u00f3rf\u00e3o, o aflito e o pr\u00f3ximo. A opress\u00e3o \u00e9 uma covardia, porque nunca se oprime o poderoso, o rico, o forte, o bem-alimentado, o bem-vestido, o bem-instru\u00eddo.<\/p>\n<p>A pessoa e o minist\u00e9rio de Jesus est\u00e3o sempre relacionados com os oprimidos. A profecia de Isa\u00edas anunciava um Jesus que destruiria o jugo, a canga e a vara a que est\u00e3o sujeitas as v\u00edtimas da opress\u00e3o (Is 9.4). Setecentos anos depois, ao dar in\u00edcio a seu minist\u00e9rio, Jesus leu esse trecho de Isa\u00edas na sinagoga de Nazar\u00e9 da Galil\u00e9ia e afirmou peremptoriamente: \u201cHoje se cumpriu a Escritura que voc\u00eas acabaram de ouvir\u201d (Lc 4.21). Foi esse epis\u00f3dio marcante que Pedro trouxe \u00e0 tona na casa de Corn\u00e9lio: \u201cDeus ungiu a Jesus de Nazar\u00e9 com o Esp\u00edrito Santo e poder\u201d e \u201cEle andou por toda parte fazendo o bem e curando todos os oprimidos pelo Diabo, porque Deus estava com Ele\u201d (At 10.38).<\/p>\n<p>Jesus mesmo \u201cfoi oprimido e afligido\u201d pelas nossas enfermidades, pelas nossas transgress\u00f5es, pelas nossas iniquidades. E \u201ccomo um cordeiro foi levado para o matadouro\u201d (Is 53.7). Mas, \u201cdepois de ter realizado a purifica\u00e7\u00e3o dos pecados, Ele se assentou \u00e0 direita da Majestade nas alturas\u201d (Hb 1.3) e \u201cDeus o exaltou \u00e0 mais alta posi\u00e7\u00e3o e lhe deu o nome que est\u00e1 acima de todo nome\u201d (Fp 2.9).<\/p>\n<p>Os que est\u00e3o em Cristo participar\u00e3o n\u00e3o s\u00f3 de seu sofrimento, mas tamb\u00e9m de sua exalta\u00e7\u00e3o: \u201c[O Senhor] coroa de vit\u00f3ria os oprimidos\u201d (Sl 149.4).<\/p>\n<p><strong>\u00a0<\/strong><\/p>\n<p><strong>&gt;&gt; Retirado de\u00a0<em><a href=\"https:\/\/www.ultimato.com.br\/loja\/produtos\/um-ano-com-os-salmos\">Um Ano com os Salmos<\/a><\/em> [Elben C\u00e9sar]. Editora Ultimato.<\/strong><strong>\u00a0<\/strong><\/p>\n<p>Ou\u00e7a as nossas devocionais pelo <a href=\"https:\/\/open.spotify.com\/show\/7CG8DL9dgWZEgPzX3rnk51?si=1dbGejI2TQS16eamNjb2rA\">Spotify<\/a>!<\/p>\n<p><iframe loading=\"lazy\" style=\"border-radius: 12px;\" src=\"https:\/\/open.spotify.com\/embed\/show\/7CG8DL9dgWZEgPzX3rnk51?utm_source=generator&amp;theme=0\" width=\"100%\" height=\"152\" frameborder=\"0\" allowfullscreen=\"allowfullscreen\"><\/iframe><\/p>\n","protected":false},"excerpt":{"rendered":"<p>O Senhor agrada-se do seu povo; ele coroa de vit\u00f3ria os oprimidos. (Sl 149.4.) O ato de oprimir n\u00e3o \u00e9 algo de menos import\u00e2ncia. Porque significa uma alta dose de sofrimento, humilha\u00e7\u00e3o e tirania, a opress\u00e3o sempre acende a ira de Deus. Por essa raz\u00e3o, o crente deve precaver-se de oprimir o forasteiro, o pobre, [&hellip;]<\/p>\n","protected":false},"author":21,"featured_media":164,"comment_status":"open","ping_status":"open","sticky":false,"template":"","format":"standard","meta":{"ngg_post_thumbnail":0,"footnotes":""},"categories":[5478],"tags":[],"class_list":["post-10143","post","type-post","status-publish","format-standard","has-post-thumbnail","hentry","category-elben-cesar"],"publishpress_future_action":{"enabled":false,"date":"2026-05-04 18:03:11","action":"change-status","newStatus":"draft","terms":[],"taxonomy":"category","extraData":[]},"publishpress_future_workflow_manual_trigger":{"enabledWorkflows":[]},"_links":{"self":[{"href":"https:\/\/ultimato.com.br\/sites\/devocional-diaria\/wp-json\/wp\/v2\/posts\/10143","targetHints":{"allow":["GET"]}}],"collection":[{"href":"https:\/\/ultimato.com.br\/sites\/devocional-diaria\/wp-json\/wp\/v2\/posts"}],"about":[{"href":"https:\/\/ultimato.com.br\/sites\/devocional-diaria\/wp-json\/wp\/v2\/types\/post"}],"author":[{"embeddable":true,"href":"https:\/\/ultimato.com.br\/sites\/devocional-diaria\/wp-json\/wp\/v2\/users\/21"}],"replies":[{"embeddable":true,"href":"https:\/\/ultimato.com.br\/sites\/devocional-diaria\/wp-json\/wp\/v2\/comments?post=10143"}],"version-history":[{"count":3,"href":"https:\/\/ultimato.com.br\/sites\/devocional-diaria\/wp-json\/wp\/v2\/posts\/10143\/revisions"}],"predecessor-version":[{"id":10154,"href":"https:\/\/ultimato.com.br\/sites\/devocional-diaria\/wp-json\/wp\/v2\/posts\/10143\/revisions\/10154"}],"wp:featuredmedia":[{"embeddable":true,"href":"https:\/\/ultimato.com.br\/sites\/devocional-diaria\/wp-json\/wp\/v2\/media\/164"}],"wp:attachment":[{"href":"https:\/\/ultimato.com.br\/sites\/devocional-diaria\/wp-json\/wp\/v2\/media?parent=10143"}],"wp:term":[{"taxonomy":"category","embeddable":true,"href":"https:\/\/ultimato.com.br\/sites\/devocional-diaria\/wp-json\/wp\/v2\/categories?post=10143"},{"taxonomy":"post_tag","embeddable":true,"href":"https:\/\/ultimato.com.br\/sites\/devocional-diaria\/wp-json\/wp\/v2\/tags?post=10143"}],"curies":[{"name":"wp","href":"https:\/\/api.w.org\/{rel}","templated":true}]}}