{"id":10141,"date":"2022-12-26T00:00:03","date_gmt":"2022-12-26T02:00:03","guid":{"rendered":"https:\/\/ultimato.com.br\/sites\/devocional-diaria\/?p=10141"},"modified":"2022-12-26T17:03:23","modified_gmt":"2022-12-26T19:03:23","slug":"emanuel-deus-conosco-6","status":"publish","type":"post","link":"https:\/\/ultimato.com.br\/sites\/devocional-diaria\/2022\/12\/26\/autor\/ricardo-barbosa-de-sousa\/emanuel-deus-conosco-6\/","title":{"rendered":"Emanuel: Deus conosco"},"content":{"rendered":"<p>Eis que a virgem conceber\u00e1 e dar\u00e1 \u00e0 luz um filho, e ele ser\u00e1 chamado pelo nome de Emanuel (que quer dizer: Deus conosco). (Mateus 1.23)<\/p>\n<p>Emanuel, Deus conosco, presen\u00e7a constante em n\u00f3s e entre n\u00f3s. Essa \u00e9 a promessa do Natal, Deus encarnado em Cristo Jesus, vivendo a vida que n\u00f3s vivemos, sofrendo as dores dos mortais, provando as limita\u00e7\u00f5es e ang\u00fastias humanas, experimentando o abandono, a trai\u00e7\u00e3o, a injusti\u00e7a, a nega\u00e7\u00e3o, a rejei\u00e7\u00e3o. Emanuel \u00e9 Deus em Cristo nos mostrando o caminho para vencer o mundo, a verdade para resistir \u00e0 mentira e \u00e0 falsidade e a vida para provarmos a abund\u00e2ncia da verdadeira humanidade.<\/p>\n<p>A vinda e a ascens\u00e3o de Cristo acontecem com a mesma promessa: \u201cDeus conosco\u201d e \u201ceis que estou convosco at\u00e9 a consuma\u00e7\u00e3o dos s\u00e9culos\u201d. Deus em Cristo n\u00e3o \u00e9 mais apenas uma mem\u00f3ria do passado, uma ideia teol\u00f3gica ou uma esperan\u00e7a futura; \u00e9 Deus presente todos os dias, \u00e9 Deus conosco, que nos convida para a comunh\u00e3o e transforma\u00e7\u00e3o em Cristo.<\/p>\n<p>Como a promessa da presen\u00e7a de Deus em Cristo pode ser experimentada por voc\u00ea todos os dias? Ore por aqueles que ainda dependem de alguma sensa\u00e7\u00e3o especial para reconhecer a presen\u00e7a do Senhor. Ore a Deus para que aprendam a confiar em suas promessas.<\/p>\n<p>\u201cSenhor Deus, pe\u00e7o-te: S\u00ea comigo em todas as situa\u00e7\u00f5es. Nada poder\u00e1 prejudicar aquele a quem tu auxilias. Eu quero silenciar, quero aguardar, paciente, na certeza de que tu me socorrer\u00e1s. Tu conheces o tempo e a modalidade da minha reden\u00e7\u00e3o. A ti quero entregar-me\u201d (Tom\u00e1s de Kempis, 1380\u20131471).<\/p>\n<p>&nbsp;<\/p>\n<p><strong>&gt;&gt; Retirado de\u00a0<em><a href=\"https:\/\/www.ultimato.com.br\/loja\/produtos\/refeicoes-diarias-celebrando-a-reconciliacao\">Refei\u00e7\u00f5es Di\u00e1rias \u2013 Celebrando a Reconcilia\u00e7\u00e3o<\/a><\/em>. Editora Ultimato.<\/strong><\/p>\n<p>Ou\u00e7a as nossas devocionais pelo <a href=\"https:\/\/open.spotify.com\/show\/7CG8DL9dgWZEgPzX3rnk51?si=1dbGejI2TQS16eamNjb2rA\">Spotify<\/a>!<\/p>\n<p><iframe loading=\"lazy\" style=\"border-radius: 12px;\" src=\"https:\/\/open.spotify.com\/embed\/show\/7CG8DL9dgWZEgPzX3rnk51?utm_source=generator&amp;theme=0\" width=\"100%\" height=\"152\" frameborder=\"0\" allowfullscreen=\"allowfullscreen\"><\/iframe><\/p>\n","protected":false},"excerpt":{"rendered":"<p>Eis que a virgem conceber\u00e1 e dar\u00e1 \u00e0 luz um filho, e ele ser\u00e1 chamado pelo nome de Emanuel (que quer dizer: Deus conosco). (Mateus 1.23) Emanuel, Deus conosco, presen\u00e7a constante em n\u00f3s e entre n\u00f3s. Essa \u00e9 a promessa do Natal, Deus encarnado em Cristo Jesus, vivendo a vida que n\u00f3s vivemos, sofrendo as [&hellip;]<\/p>\n","protected":false},"author":21,"featured_media":165,"comment_status":"open","ping_status":"open","sticky":false,"template":"","format":"standard","meta":{"ngg_post_thumbnail":0,"footnotes":""},"categories":[17805],"tags":[],"class_list":["post-10141","post","type-post","status-publish","format-standard","has-post-thumbnail","hentry","category-ricardo-barbosa-de-sousa"],"publishpress_future_action":{"enabled":false,"date":"2026-05-04 16:29:17","action":"change-status","newStatus":"draft","terms":[],"taxonomy":"category","extraData":[]},"publishpress_future_workflow_manual_trigger":{"enabledWorkflows":[]},"_links":{"self":[{"href":"https:\/\/ultimato.com.br\/sites\/devocional-diaria\/wp-json\/wp\/v2\/posts\/10141","targetHints":{"allow":["GET"]}}],"collection":[{"href":"https:\/\/ultimato.com.br\/sites\/devocional-diaria\/wp-json\/wp\/v2\/posts"}],"about":[{"href":"https:\/\/ultimato.com.br\/sites\/devocional-diaria\/wp-json\/wp\/v2\/types\/post"}],"author":[{"embeddable":true,"href":"https:\/\/ultimato.com.br\/sites\/devocional-diaria\/wp-json\/wp\/v2\/users\/21"}],"replies":[{"embeddable":true,"href":"https:\/\/ultimato.com.br\/sites\/devocional-diaria\/wp-json\/wp\/v2\/comments?post=10141"}],"version-history":[{"count":3,"href":"https:\/\/ultimato.com.br\/sites\/devocional-diaria\/wp-json\/wp\/v2\/posts\/10141\/revisions"}],"predecessor-version":[{"id":10151,"href":"https:\/\/ultimato.com.br\/sites\/devocional-diaria\/wp-json\/wp\/v2\/posts\/10141\/revisions\/10151"}],"wp:featuredmedia":[{"embeddable":true,"href":"https:\/\/ultimato.com.br\/sites\/devocional-diaria\/wp-json\/wp\/v2\/media\/165"}],"wp:attachment":[{"href":"https:\/\/ultimato.com.br\/sites\/devocional-diaria\/wp-json\/wp\/v2\/media?parent=10141"}],"wp:term":[{"taxonomy":"category","embeddable":true,"href":"https:\/\/ultimato.com.br\/sites\/devocional-diaria\/wp-json\/wp\/v2\/categories?post=10141"},{"taxonomy":"post_tag","embeddable":true,"href":"https:\/\/ultimato.com.br\/sites\/devocional-diaria\/wp-json\/wp\/v2\/tags?post=10141"}],"curies":[{"name":"wp","href":"https:\/\/api.w.org\/{rel}","templated":true}]}}