{"id":10124,"date":"2022-12-16T00:00:55","date_gmt":"2022-12-16T02:00:55","guid":{"rendered":"https:\/\/ultimato.com.br\/sites\/devocional-diaria\/?p=10124"},"modified":"2022-11-30T17:58:51","modified_gmt":"2022-11-30T19:58:51","slug":"deus-e-o-simples-mortal-3","status":"publish","type":"post","link":"https:\/\/ultimato.com.br\/sites\/devocional-diaria\/2022\/12\/16\/autor\/elben-cesar\/deus-e-o-simples-mortal-3\/","title":{"rendered":"Deus e o simples mortal"},"content":{"rendered":"<p>Em Deus eu confio, e n\u00e3o temerei. Que poder\u00e1 fazer-me o simples mortal? (Sl 56.4)<\/p>\n<p>H\u00e1 situa\u00e7\u00f5es realmente dif\u00edceis. N\u00e3o \u00e9 necess\u00e1rio negar nem ampliar nem eternizar. Elas s\u00e3o ocasionais, tempor\u00e1rias e especiais. T\u00eam come\u00e7o e fim. O desafio \u00e9 saber lidar com essas situa\u00e7\u00f5es de modo s\u00e1bio e correto.<\/p>\n<p>No Salmo 56, Davi descreve a sua situa\u00e7\u00e3o: \u201cOs homens me pressio\u00adnam, me atacam, me oprimem, me vigiam, me prejudicam, conspiram contra mim e t\u00eam esperan\u00e7a de tirar-me a vida\u201d (v. 1-6). Eles agem assim \u201csem parar\u201d, \u201co tempo todo\u201d e \u201carrogantemente\u201d. Nessa \u00e9poca, Davi era muito jovem e estava fora do pa\u00eds porque Saul o queria matar. O homem que derrubara Golias e que tinha o aplauso de toda a na\u00e7\u00e3o agora vivia no meio dos estrangeiros que detestavam Israel.<\/p>\n<p>Foi nessa dif\u00edcil situa\u00e7\u00e3o que o salmista declarou: \u201cQuando eu esti\u00adver com medo, confiarei em ti\u201d (v. 3). Que ele se portou dessa maneira, o poema n\u00e3o deixa a menor d\u00favida. Uma vez Davi usa o verbo confiar no futuro (\u201cconfiarei\u201d) e tr\u00eas vezes, no presente: \u201cEm Deus eu confio\u201d (v. 4, 10-11).<\/p>\n<p>N\u00e3o se trata de um exerc\u00edcio mental pelo qual se fazem repetidas declara\u00e7\u00f5es de confian\u00e7a. \u00c9 antes um exerc\u00edcio espiritual que consiste em repetidos esfor\u00e7os para n\u00e3o tirar a confian\u00e7a posta em Deus, mas consolid\u00e1-la e ampli\u00e1-la cada vez mais. Da\u00ed o racioc\u00ednio do salmista: \u201cEm Deus eu confio e n\u00e3o temerei. Que poder\u00e1 fazer-me o simples mortal?\u201d (v. 4).<\/p>\n<p><strong>\u00a0<\/strong><\/p>\n<p><strong>&gt;&gt; Retirado de\u00a0<em><a href=\"https:\/\/www.ultimato.com.br\/loja\/produtos\/um-ano-com-os-salmos\">Um Ano com os Salmos<\/a><\/em> [Elben C\u00e9sar]. Editora Ultimato.<\/strong><strong>\u00a0<\/strong><\/p>\n<p>Ou\u00e7a as nossas devocionais pelo <a href=\"https:\/\/open.spotify.com\/show\/7CG8DL9dgWZEgPzX3rnk51?si=1dbGejI2TQS16eamNjb2rA\">Spotify<\/a>!<\/p>\n<p><strong>\u00a0<\/strong><\/p>\n","protected":false},"excerpt":{"rendered":"<p>Em Deus eu confio, e n\u00e3o temerei. Que poder\u00e1 fazer-me o simples mortal? (Sl 56.4) H\u00e1 situa\u00e7\u00f5es realmente dif\u00edceis. N\u00e3o \u00e9 necess\u00e1rio negar nem ampliar nem eternizar. Elas s\u00e3o ocasionais, tempor\u00e1rias e especiais. T\u00eam come\u00e7o e fim. O desafio \u00e9 saber lidar com essas situa\u00e7\u00f5es de modo s\u00e1bio e correto. No Salmo 56, Davi descreve [&hellip;]<\/p>\n","protected":false},"author":21,"featured_media":161,"comment_status":"open","ping_status":"open","sticky":false,"template":"","format":"standard","meta":{"ngg_post_thumbnail":0,"footnotes":""},"categories":[5478],"tags":[],"class_list":["post-10124","post","type-post","status-publish","format-standard","has-post-thumbnail","hentry","category-elben-cesar"],"publishpress_future_action":{"enabled":false,"date":"2026-05-04 22:14:58","action":"change-status","newStatus":"draft","terms":[],"taxonomy":"category","extraData":[]},"publishpress_future_workflow_manual_trigger":{"enabledWorkflows":[]},"_links":{"self":[{"href":"https:\/\/ultimato.com.br\/sites\/devocional-diaria\/wp-json\/wp\/v2\/posts\/10124","targetHints":{"allow":["GET"]}}],"collection":[{"href":"https:\/\/ultimato.com.br\/sites\/devocional-diaria\/wp-json\/wp\/v2\/posts"}],"about":[{"href":"https:\/\/ultimato.com.br\/sites\/devocional-diaria\/wp-json\/wp\/v2\/types\/post"}],"author":[{"embeddable":true,"href":"https:\/\/ultimato.com.br\/sites\/devocional-diaria\/wp-json\/wp\/v2\/users\/21"}],"replies":[{"embeddable":true,"href":"https:\/\/ultimato.com.br\/sites\/devocional-diaria\/wp-json\/wp\/v2\/comments?post=10124"}],"version-history":[{"count":1,"href":"https:\/\/ultimato.com.br\/sites\/devocional-diaria\/wp-json\/wp\/v2\/posts\/10124\/revisions"}],"predecessor-version":[{"id":10125,"href":"https:\/\/ultimato.com.br\/sites\/devocional-diaria\/wp-json\/wp\/v2\/posts\/10124\/revisions\/10125"}],"wp:featuredmedia":[{"embeddable":true,"href":"https:\/\/ultimato.com.br\/sites\/devocional-diaria\/wp-json\/wp\/v2\/media\/161"}],"wp:attachment":[{"href":"https:\/\/ultimato.com.br\/sites\/devocional-diaria\/wp-json\/wp\/v2\/media?parent=10124"}],"wp:term":[{"taxonomy":"category","embeddable":true,"href":"https:\/\/ultimato.com.br\/sites\/devocional-diaria\/wp-json\/wp\/v2\/categories?post=10124"},{"taxonomy":"post_tag","embeddable":true,"href":"https:\/\/ultimato.com.br\/sites\/devocional-diaria\/wp-json\/wp\/v2\/tags?post=10124"}],"curies":[{"name":"wp","href":"https:\/\/api.w.org\/{rel}","templated":true}]}}