{"id":10122,"date":"2022-12-15T00:00:41","date_gmt":"2022-12-15T02:00:41","guid":{"rendered":"https:\/\/ultimato.com.br\/sites\/devocional-diaria\/?p=10122"},"modified":"2022-11-30T17:55:01","modified_gmt":"2022-11-30T19:55:01","slug":"jesus-o-autodidata-2","status":"publish","type":"post","link":"https:\/\/ultimato.com.br\/sites\/devocional-diaria\/2022\/12\/15\/autor\/elben-cesar\/jesus-o-autodidata-2\/","title":{"rendered":"Jesus, o autodidata"},"content":{"rendered":"<p>Este homem fala como jamais falou qualquer outro homem. (Jo\u00e3o7.46, BP)<\/p>\n<p>N\u00e3o levar a s\u00e9rio a natureza divina de Jesus cria s\u00e9rios embara\u00e7os. Jesus n\u00e3o era um adolescente superdotado quando, aos doze anos, sentou-se \u00e0 mesa com os mestres da lei, \u201cdiscutindo com eles quest\u00f5es profundas e deixando todo mundo admirado com a sua intelig\u00eancia e suas respostas\u201d (Lc 2.46, BV). N\u00e3o tinha nenhum diploma em homil\u00e9\u00adtica e orat\u00f3ria quando falava \u201ccoisas maravilhosas\u201d com grande eloqu\u00ad\u00eancia (Jo 7.46). N\u00e3o possu\u00eda doutorado em missiologia e filosofia, mas ensinava como ningu\u00e9m, deixando boquiabertos e confusos os l\u00edderes judaicos (Jo 7.15). Por n\u00e3o saber quem era Jesus, a elite intelectual e religiosa de Jerusal\u00e9m se perguntava: \u201cComo ele \u00e9 t\u00e3o letrado se n\u00e3o estudou?\u201d (Jo 7.15). Na \u00f3tica deles, para falar como falava, Jesus deve\u00adria ter estudado aos p\u00e9s de algum rabino, aos p\u00e9s de algum Gamaliel, membro famoso do Sin\u00e9drio e mestre da lei (At 22.3).<\/p>\n<p>A explica\u00e7\u00e3o de Jesus \u00e9 s\u00f3bria e convincente: \u201cO meu ensino n\u00e3o \u00e9 de mim mesmo. Vem daquele que me enviou. Se algu\u00e9m decidir fazer a vontade de Deus, descobrir\u00e1 se o meu ensino vem de Deus ou se falo por mim mesmo\u201d (Jo 7.16-17, NVI).<\/p>\n<p>\u2014 Jesus n\u00e3o era um prod\u00edgio. Era Deus!<strong>\u00a0<\/strong><\/p>\n<p><strong>\u00a0<\/strong><\/p>\n<p><strong>&gt;&gt; Retirado de\u00a0<em><a href=\"https:\/\/www.ultimato.com.br\/loja\/produtos\/refeicoes-diarias-com-jesus\">Refei\u00e7\u00f5es Di\u00e1rias com Jesus<\/a><\/em> [Elben C\u00e9sar]. Editora Ultimato.<\/strong><\/p>\n<p>Ou\u00e7a as nossas devocionais pelo <a href=\"https:\/\/open.spotify.com\/show\/7CG8DL9dgWZEgPzX3rnk51?si=1dbGejI2TQS16eamNjb2rA\">Spotify<\/a>!<\/p>\n","protected":false},"excerpt":{"rendered":"<p>Este homem fala como jamais falou qualquer outro homem. (Jo\u00e3o7.46, BP) N\u00e3o levar a s\u00e9rio a natureza divina de Jesus cria s\u00e9rios embara\u00e7os. Jesus n\u00e3o era um adolescente superdotado quando, aos doze anos, sentou-se \u00e0 mesa com os mestres da lei, \u201cdiscutindo com eles quest\u00f5es profundas e deixando todo mundo admirado com a sua intelig\u00eancia [&hellip;]<\/p>\n","protected":false},"author":21,"featured_media":162,"comment_status":"open","ping_status":"open","sticky":false,"template":"","format":"standard","meta":{"ngg_post_thumbnail":0,"footnotes":""},"categories":[5478],"tags":[],"class_list":["post-10122","post","type-post","status-publish","format-standard","has-post-thumbnail","hentry","category-elben-cesar"],"publishpress_future_action":{"enabled":false,"date":"2026-05-04 23:35:23","action":"change-status","newStatus":"draft","terms":[],"taxonomy":"category","extraData":[]},"publishpress_future_workflow_manual_trigger":{"enabledWorkflows":[]},"_links":{"self":[{"href":"https:\/\/ultimato.com.br\/sites\/devocional-diaria\/wp-json\/wp\/v2\/posts\/10122","targetHints":{"allow":["GET"]}}],"collection":[{"href":"https:\/\/ultimato.com.br\/sites\/devocional-diaria\/wp-json\/wp\/v2\/posts"}],"about":[{"href":"https:\/\/ultimato.com.br\/sites\/devocional-diaria\/wp-json\/wp\/v2\/types\/post"}],"author":[{"embeddable":true,"href":"https:\/\/ultimato.com.br\/sites\/devocional-diaria\/wp-json\/wp\/v2\/users\/21"}],"replies":[{"embeddable":true,"href":"https:\/\/ultimato.com.br\/sites\/devocional-diaria\/wp-json\/wp\/v2\/comments?post=10122"}],"version-history":[{"count":1,"href":"https:\/\/ultimato.com.br\/sites\/devocional-diaria\/wp-json\/wp\/v2\/posts\/10122\/revisions"}],"predecessor-version":[{"id":10123,"href":"https:\/\/ultimato.com.br\/sites\/devocional-diaria\/wp-json\/wp\/v2\/posts\/10122\/revisions\/10123"}],"wp:featuredmedia":[{"embeddable":true,"href":"https:\/\/ultimato.com.br\/sites\/devocional-diaria\/wp-json\/wp\/v2\/media\/162"}],"wp:attachment":[{"href":"https:\/\/ultimato.com.br\/sites\/devocional-diaria\/wp-json\/wp\/v2\/media?parent=10122"}],"wp:term":[{"taxonomy":"category","embeddable":true,"href":"https:\/\/ultimato.com.br\/sites\/devocional-diaria\/wp-json\/wp\/v2\/categories?post=10122"},{"taxonomy":"post_tag","embeddable":true,"href":"https:\/\/ultimato.com.br\/sites\/devocional-diaria\/wp-json\/wp\/v2\/tags?post=10122"}],"curies":[{"name":"wp","href":"https:\/\/api.w.org\/{rel}","templated":true}]}}