{"id":10120,"date":"2022-12-14T00:00:14","date_gmt":"2022-12-14T02:00:14","guid":{"rendered":"https:\/\/ultimato.com.br\/sites\/devocional-diaria\/?p=10120"},"modified":"2022-11-30T17:51:56","modified_gmt":"2022-11-30T19:51:56","slug":"a-bencao-de-ficar-bom-outra-vez-2","status":"publish","type":"post","link":"https:\/\/ultimato.com.br\/sites\/devocional-diaria\/2022\/12\/14\/autor\/elben-cesar\/a-bencao-de-ficar-bom-outra-vez-2\/","title":{"rendered":"A b\u00ean\u00e7\u00e3o de ficar bom outra vez"},"content":{"rendered":"<p>Essa ora\u00e7\u00e3o, feita com f\u00e9, salvar\u00e1 a pessoa doente. (Tg 5.15a)<\/p>\n<p>Para quem se encontra gravemente enfermo e corre s\u00e9rio risco de morrer,\u00a0nada \u00e9 melhor do que a b\u00ean\u00e7\u00e3o da cura! Como \u00e9 bom ouvir a promessa de\u00a0que o Senhor o salvar\u00e1 e o por\u00e1 de p\u00e9, que o Senhor o salvar\u00e1 e o aliviar\u00e1, que\u00a0o Senhor o salvar\u00e1 e o far\u00e1 ficar bom. Essa foi a sensa\u00e7\u00e3o do rei Ezequias, o\u00a013\u00ba rei de Israel (a parte do sul), quando se viu curado de uma doen\u00e7a mortal,\u00a0depois de ter orado ao Senhor (2Rs 20.5).<\/p>\n<p>A mesma sensa\u00e7\u00e3o de cura tomou conta de muitas outras pessoas, como\u00a0os dez leprosos (Lc 17.14), a mulher por dez anos sofrendo de hemorragia\u00a0(Mc 5.34) e o coxo de nascen\u00e7a (At 3.8). Em alguns casos, o Senhor n\u00e3o salva\u00a0o doente da doen\u00e7a, mas salva o doente da morte j\u00e1 ocorrida, como o filho da\u00a0vi\u00fava de Sarepta (1Rs 17.19-24) e o irm\u00e3o de Maria e Marta (Jo 11.38-44).<\/p>\n<p>A ora\u00e7\u00e3o pedindo cura talvez seja a ora\u00e7\u00e3o mais universalmente feita.\u00a0Deus se reserva o direito de dizer sim ou n\u00e3o a essa ora\u00e7\u00e3o. Se ele respondesse\u00a0positivamente a todas as ora\u00e7\u00f5es com f\u00e9 feitas em favor da pessoa enferma, a\u00a0igreja seria enorme, em termos de n\u00famero.<\/p>\n<p>Na verdade, a ora\u00e7\u00e3o da f\u00e9 n\u00e3o \u00e9 o agente da cura, mas o seu instrumento.\u00a0O agente da cura \u00e9 o Senhor. A parte final do vers\u00edculo 15 explica: \u201cO Senhor\u00a0lhe dar\u00e1 sa\u00fade e perdoar\u00e1 os pecados que tiver cometido\u201d.<\/p>\n<p>Sem d\u00favida, nessa passagem a ora\u00e7\u00e3o que provoca a interven\u00e7\u00e3o divina\u00a0\u00e9 a ora\u00e7\u00e3o feita pelos presb\u00edteros da igreja que foram chamados pela pessoa\u00a0enferma. No entanto, poderia ser a ora\u00e7\u00e3o do pr\u00f3prio doente, como aconteceu\u00a0com o rei Ezequias (2Rs 20.2).<\/p>\n<p>\u00c9 preciso contar com a gra\u00e7a de Deus al\u00e9m e acima da assist\u00eancia m\u00e9dica!<strong>\u00a0<\/strong><\/p>\n<p><strong>\u00a0<\/strong><\/p>\n<p><strong>&gt;&gt; Retirado de\u00a0<em><a href=\"https:\/\/www.ultimato.com.br\/loja\/produtos\/refeicoes-diarias-com-os-discipulos\">Refei\u00e7\u00f5es Di\u00e1rias com os Disc\u00edpulos<\/a><\/em> [Elben C\u00e9sar]. Editora Ultimato.<\/strong><strong>\u00a0<\/strong><\/p>\n<p>Ou\u00e7a as nossas devocionais pelo <a href=\"https:\/\/open.spotify.com\/show\/7CG8DL9dgWZEgPzX3rnk51?si=1dbGejI2TQS16eamNjb2rA\">Spotify<\/a>!<\/p>\n","protected":false},"excerpt":{"rendered":"<p>Essa ora\u00e7\u00e3o, feita com f\u00e9, salvar\u00e1 a pessoa doente. (Tg 5.15a) Para quem se encontra gravemente enfermo e corre s\u00e9rio risco de morrer,\u00a0nada \u00e9 melhor do que a b\u00ean\u00e7\u00e3o da cura! Como \u00e9 bom ouvir a promessa de\u00a0que o Senhor o salvar\u00e1 e o por\u00e1 de p\u00e9, que o Senhor o salvar\u00e1 e o aliviar\u00e1, [&hellip;]<\/p>\n","protected":false},"author":21,"featured_media":163,"comment_status":"open","ping_status":"open","sticky":false,"template":"","format":"standard","meta":{"ngg_post_thumbnail":0,"footnotes":""},"categories":[5478],"tags":[],"class_list":["post-10120","post","type-post","status-publish","format-standard","has-post-thumbnail","hentry","category-elben-cesar"],"publishpress_future_action":{"enabled":false,"date":"2026-05-05 01:13:00","action":"change-status","newStatus":"draft","terms":[],"taxonomy":"category","extraData":[]},"publishpress_future_workflow_manual_trigger":{"enabledWorkflows":[]},"_links":{"self":[{"href":"https:\/\/ultimato.com.br\/sites\/devocional-diaria\/wp-json\/wp\/v2\/posts\/10120","targetHints":{"allow":["GET"]}}],"collection":[{"href":"https:\/\/ultimato.com.br\/sites\/devocional-diaria\/wp-json\/wp\/v2\/posts"}],"about":[{"href":"https:\/\/ultimato.com.br\/sites\/devocional-diaria\/wp-json\/wp\/v2\/types\/post"}],"author":[{"embeddable":true,"href":"https:\/\/ultimato.com.br\/sites\/devocional-diaria\/wp-json\/wp\/v2\/users\/21"}],"replies":[{"embeddable":true,"href":"https:\/\/ultimato.com.br\/sites\/devocional-diaria\/wp-json\/wp\/v2\/comments?post=10120"}],"version-history":[{"count":1,"href":"https:\/\/ultimato.com.br\/sites\/devocional-diaria\/wp-json\/wp\/v2\/posts\/10120\/revisions"}],"predecessor-version":[{"id":10121,"href":"https:\/\/ultimato.com.br\/sites\/devocional-diaria\/wp-json\/wp\/v2\/posts\/10120\/revisions\/10121"}],"wp:featuredmedia":[{"embeddable":true,"href":"https:\/\/ultimato.com.br\/sites\/devocional-diaria\/wp-json\/wp\/v2\/media\/163"}],"wp:attachment":[{"href":"https:\/\/ultimato.com.br\/sites\/devocional-diaria\/wp-json\/wp\/v2\/media?parent=10120"}],"wp:term":[{"taxonomy":"category","embeddable":true,"href":"https:\/\/ultimato.com.br\/sites\/devocional-diaria\/wp-json\/wp\/v2\/categories?post=10120"},{"taxonomy":"post_tag","embeddable":true,"href":"https:\/\/ultimato.com.br\/sites\/devocional-diaria\/wp-json\/wp\/v2\/tags?post=10120"}],"curies":[{"name":"wp","href":"https:\/\/api.w.org\/{rel}","templated":true}]}}