{"id":10118,"date":"2022-12-13T00:00:02","date_gmt":"2022-12-13T02:00:02","guid":{"rendered":"https:\/\/ultimato.com.br\/sites\/devocional-diaria\/?p=10118"},"modified":"2022-11-30T17:49:58","modified_gmt":"2022-11-30T19:49:58","slug":"a-resposta","status":"publish","type":"post","link":"https:\/\/ultimato.com.br\/sites\/devocional-diaria\/2022\/12\/13\/autor\/elben-cesar\/a-resposta\/","title":{"rendered":"A resposta"},"content":{"rendered":"<p>Tu nos tens dado p\u00e3o de l\u00e1grimas para comer e um copo cheio de l\u00e1grimas\u00a0para beber. (Sl 80.5)<\/p>\n<p>O pr\u00f3prio salmista tem a resposta \u00e0 pergunta feita no verso 12 do Salmo\u00a080. Ele sabe por que as cercas foram derrubadas. Ele n\u00e3o \u00e9 ing\u00eanuo nem\u00a0perdeu a capacidade de observa\u00e7\u00e3o. A videira pereceu pela a\u00e7\u00e3o dos inimigos\u00a0permitida por Deus (v. 4-6). A repreens\u00e3o foi provocada pela quebra de\u00a0compromissos, pelo relaxamento da conduta, pela perda de comunh\u00e3o ou\u00a0por qualquer outro acontecimento nesta linha. Asafe n\u00e3o quer perder tempo\u00a0com outras especula\u00e7\u00f5es e an\u00e1lises filos\u00f3ficas. A descontinua\u00e7\u00e3o do processo\u00a0de b\u00ean\u00e7\u00e3os n\u00e3o est\u00e1 relacionada com a mudan\u00e7a dos tempos, mas com a\u00a0mudan\u00e7a do homem, que retrocedeu e abandonou o seu primeiro amor.<\/p>\n<p>A repreens\u00e3o de Deus, manifestada na derrubada das cercas, n\u00e3o \u00e9\u00a0necessariamente final. Tem prop\u00f3sitos terap\u00eauticos. Serve para acordar e\u00a0despertar. Vendo a videira decepada e queimada, e lembrando-se de que\u00a0aquela mesma videira, de t\u00e3o firme e frondosa, j\u00e1 havia feito sombra sobre\u00a0os montes \u2013 s\u00f3 assim Israel poderia ser levado \u201c\u00e0 pr\u00e1tica das primeiras obras\u201d\u00a0(Ap 2.5). Esse momento seria o auge da crise que se arrasta h\u00e1 muito tempo\u00a0e o in\u00edcio do fim desse desagrad\u00e1vel per\u00edodo. Nesta situa\u00e7\u00e3o Israel reconhece\u00a0que o segredo do r\u00e1pido e impressionante crescimento da videira era a cerca\u00a0de Deus, e n\u00e3o os valores relativos do povo.<\/p>\n<p><strong>\u00a0<\/strong><\/p>\n<p><strong>&gt;&gt; Retirado de\u00a0<em><a href=\"https:\/\/www.ultimato.com.br\/loja\/produtos\/cuide-das-raizes-espere-pelos-frutos\">Cuide das Ra\u00edzes, Espere pelos Frutos<\/a><\/em>, [Elben C\u00e9sar]. Editora Ultimato.<\/strong><\/p>\n<p>Ou\u00e7a as nossas devocionais pelo <a href=\"https:\/\/open.spotify.com\/show\/7CG8DL9dgWZEgPzX3rnk51?si=1dbGejI2TQS16eamNjb2rA\">Spotify<\/a>!<\/p>\n","protected":false},"excerpt":{"rendered":"<p>Tu nos tens dado p\u00e3o de l\u00e1grimas para comer e um copo cheio de l\u00e1grimas\u00a0para beber. (Sl 80.5) O pr\u00f3prio salmista tem a resposta \u00e0 pergunta feita no verso 12 do Salmo\u00a080. Ele sabe por que as cercas foram derrubadas. Ele n\u00e3o \u00e9 ing\u00eanuo nem\u00a0perdeu a capacidade de observa\u00e7\u00e3o. A videira pereceu pela a\u00e7\u00e3o dos [&hellip;]<\/p>\n","protected":false},"author":21,"featured_media":164,"comment_status":"open","ping_status":"open","sticky":false,"template":"","format":"standard","meta":{"ngg_post_thumbnail":0,"footnotes":""},"categories":[5478],"tags":[],"class_list":["post-10118","post","type-post","status-publish","format-standard","has-post-thumbnail","hentry","category-elben-cesar"],"publishpress_future_action":{"enabled":false,"date":"2026-05-05 02:42:53","action":"change-status","newStatus":"draft","terms":[],"taxonomy":"category","extraData":[]},"publishpress_future_workflow_manual_trigger":{"enabledWorkflows":[]},"_links":{"self":[{"href":"https:\/\/ultimato.com.br\/sites\/devocional-diaria\/wp-json\/wp\/v2\/posts\/10118","targetHints":{"allow":["GET"]}}],"collection":[{"href":"https:\/\/ultimato.com.br\/sites\/devocional-diaria\/wp-json\/wp\/v2\/posts"}],"about":[{"href":"https:\/\/ultimato.com.br\/sites\/devocional-diaria\/wp-json\/wp\/v2\/types\/post"}],"author":[{"embeddable":true,"href":"https:\/\/ultimato.com.br\/sites\/devocional-diaria\/wp-json\/wp\/v2\/users\/21"}],"replies":[{"embeddable":true,"href":"https:\/\/ultimato.com.br\/sites\/devocional-diaria\/wp-json\/wp\/v2\/comments?post=10118"}],"version-history":[{"count":1,"href":"https:\/\/ultimato.com.br\/sites\/devocional-diaria\/wp-json\/wp\/v2\/posts\/10118\/revisions"}],"predecessor-version":[{"id":10119,"href":"https:\/\/ultimato.com.br\/sites\/devocional-diaria\/wp-json\/wp\/v2\/posts\/10118\/revisions\/10119"}],"wp:featuredmedia":[{"embeddable":true,"href":"https:\/\/ultimato.com.br\/sites\/devocional-diaria\/wp-json\/wp\/v2\/media\/164"}],"wp:attachment":[{"href":"https:\/\/ultimato.com.br\/sites\/devocional-diaria\/wp-json\/wp\/v2\/media?parent=10118"}],"wp:term":[{"taxonomy":"category","embeddable":true,"href":"https:\/\/ultimato.com.br\/sites\/devocional-diaria\/wp-json\/wp\/v2\/categories?post=10118"},{"taxonomy":"post_tag","embeddable":true,"href":"https:\/\/ultimato.com.br\/sites\/devocional-diaria\/wp-json\/wp\/v2\/tags?post=10118"}],"curies":[{"name":"wp","href":"https:\/\/api.w.org\/{rel}","templated":true}]}}