{"id":10114,"date":"2022-12-09T00:00:29","date_gmt":"2022-12-09T02:00:29","guid":{"rendered":"https:\/\/ultimato.com.br\/sites\/devocional-diaria\/?p=10114"},"modified":"2022-11-30T17:39:04","modified_gmt":"2022-11-30T19:39:04","slug":"culpa-e-castigo","status":"publish","type":"post","link":"https:\/\/ultimato.com.br\/sites\/devocional-diaria\/2022\/12\/09\/autor\/elben-cesar\/culpa-e-castigo\/","title":{"rendered":"Culpa e castigo"},"content":{"rendered":"<p>Fiz o que tu reprovas, de modo que justa \u00e9 a tua senten\u00e7a e tens raz\u00e3o em condenar-me. (Sl 51.4)<\/p>\n<p>Quanto mais depressa o pecador descobre que \u00e9 pecador, melhor ser\u00e1 para ele. Quanto mais depressa ele para de mentir para ele mesmo a esse respeito, melhor para ele. Quanto a esse assunto n\u00e3o se pode perder tem\u00adpo nem dividir a culpa com outras pessoas.<\/p>\n<p>Nesse sentido, o Salmo 51 \u00e9 not\u00e1vel. Talvez seja a mais bem redigi\u00adda e mais humilde confiss\u00e3o de pecado. O salmista reconhece as suas transgress\u00f5es e declara que Deus tem todo o direito de conden\u00e1-lo: \u201cFiz o que reprovas, de modo que justa \u00e9 a tua senten\u00e7a e tens raz\u00e3o em condenar-me\u201d (v. 4). Em outras palavras, Davi aceita n\u00e3o apenas a culpa, mas tamb\u00e9m o castigo. Afinal, ele tomou para si a mulher do outro e ainda tramou a morte do marido dela. Se admitir o fardo da culpa j\u00e1 \u00e9 uma extraordin\u00e1ria vit\u00f3ria, quanto mais \u00e9 admitir as duas trag\u00e9dias ao mesmo tempo.<\/p>\n<p>Comportamento semelhante ao de Davi foi a confiss\u00e3o do filho pr\u00f3digo. Depois de ter vivido como um imbecil jogando fora todos os seus bens e todos os seus sonhos, o rapaz voltou ao s\u00edtio do pai para confessar seu pecado (\u201cPai, pequei contra o c\u00e9u e contra ti\u201d) e para admitir a perda de regalias (\u201cN\u00e3o sou mais digno de ser chamado teu filho\u201d). Uma confiss\u00e3o desse porte redunda sempre em restaura\u00e7\u00e3o (Lc 15.17-24).<strong>\u00a0<\/strong><\/p>\n<p><strong>\u00a0<\/strong><\/p>\n<p><strong>&gt;&gt; Retirado de\u00a0<em><a href=\"https:\/\/www.ultimato.com.br\/loja\/produtos\/um-ano-com-os-salmos\">Um Ano com os Salmos<\/a><\/em> [Elben C\u00e9sar]. Editora Ultimato.<\/strong><strong>\u00a0<\/strong><\/p>\n<p>Ou\u00e7a as nossas devocionais pelo <a href=\"https:\/\/open.spotify.com\/show\/7CG8DL9dgWZEgPzX3rnk51?si=1dbGejI2TQS16eamNjb2rA\">Spotify<\/a>!<\/p>\n","protected":false},"excerpt":{"rendered":"<p>Fiz o que tu reprovas, de modo que justa \u00e9 a tua senten\u00e7a e tens raz\u00e3o em condenar-me. (Sl 51.4) Quanto mais depressa o pecador descobre que \u00e9 pecador, melhor ser\u00e1 para ele. Quanto mais depressa ele para de mentir para ele mesmo a esse respeito, melhor para ele. Quanto a esse assunto n\u00e3o se [&hellip;]<\/p>\n","protected":false},"author":21,"featured_media":161,"comment_status":"open","ping_status":"open","sticky":false,"template":"","format":"standard","meta":{"ngg_post_thumbnail":0,"footnotes":""},"categories":[5478],"tags":[],"class_list":["post-10114","post","type-post","status-publish","format-standard","has-post-thumbnail","hentry","category-elben-cesar"],"publishpress_future_action":{"enabled":false,"date":"2026-05-04 21:53:02","action":"change-status","newStatus":"draft","terms":[],"taxonomy":"category","extraData":[]},"publishpress_future_workflow_manual_trigger":{"enabledWorkflows":[]},"_links":{"self":[{"href":"https:\/\/ultimato.com.br\/sites\/devocional-diaria\/wp-json\/wp\/v2\/posts\/10114","targetHints":{"allow":["GET"]}}],"collection":[{"href":"https:\/\/ultimato.com.br\/sites\/devocional-diaria\/wp-json\/wp\/v2\/posts"}],"about":[{"href":"https:\/\/ultimato.com.br\/sites\/devocional-diaria\/wp-json\/wp\/v2\/types\/post"}],"author":[{"embeddable":true,"href":"https:\/\/ultimato.com.br\/sites\/devocional-diaria\/wp-json\/wp\/v2\/users\/21"}],"replies":[{"embeddable":true,"href":"https:\/\/ultimato.com.br\/sites\/devocional-diaria\/wp-json\/wp\/v2\/comments?post=10114"}],"version-history":[{"count":1,"href":"https:\/\/ultimato.com.br\/sites\/devocional-diaria\/wp-json\/wp\/v2\/posts\/10114\/revisions"}],"predecessor-version":[{"id":10115,"href":"https:\/\/ultimato.com.br\/sites\/devocional-diaria\/wp-json\/wp\/v2\/posts\/10114\/revisions\/10115"}],"wp:featuredmedia":[{"embeddable":true,"href":"https:\/\/ultimato.com.br\/sites\/devocional-diaria\/wp-json\/wp\/v2\/media\/161"}],"wp:attachment":[{"href":"https:\/\/ultimato.com.br\/sites\/devocional-diaria\/wp-json\/wp\/v2\/media?parent=10114"}],"wp:term":[{"taxonomy":"category","embeddable":true,"href":"https:\/\/ultimato.com.br\/sites\/devocional-diaria\/wp-json\/wp\/v2\/categories?post=10114"},{"taxonomy":"post_tag","embeddable":true,"href":"https:\/\/ultimato.com.br\/sites\/devocional-diaria\/wp-json\/wp\/v2\/tags?post=10114"}],"curies":[{"name":"wp","href":"https:\/\/api.w.org\/{rel}","templated":true}]}}