{"id":10112,"date":"2022-12-08T00:00:48","date_gmt":"2022-12-08T02:00:48","guid":{"rendered":"https:\/\/ultimato.com.br\/sites\/devocional-diaria\/?p=10112"},"modified":"2022-11-30T17:36:29","modified_gmt":"2022-11-30T19:36:29","slug":"jesus-o-controvertido-2","status":"publish","type":"post","link":"https:\/\/ultimato.com.br\/sites\/devocional-diaria\/2022\/12\/08\/autor\/elben-cesar\/jesus-o-controvertido-2\/","title":{"rendered":"Jesus, o controvertido\u00a0"},"content":{"rendered":"<p>Outros diziam: \u201cEle \u00e9 o Messias\u201d. E ainda outros: \u201cMas ele n\u00e3o pode ser! O Messias vir\u00e1 da Galileia?\u201d. Jo\u00e3o 7.41, BV<\/p>\n<p>Cada um dava o seu palpite a respeito de Jesus. O Evangelho Segundo Jo\u00e3o registra que havia muita gente comentando sobre ele: alguns di\u00adziam que ele era bom e outros que n\u00e3o era (Jo 7.12). Alguns diziam que ele n\u00e3o era diplomado em coisa alguma e outros se diziam espantados com o conhecimento dele: \u201cComo \u00e9 que sabe tanto sem ter estudado?\u201d (Jo 7.15). Alguns diziam que Jesus tinha dem\u00f4nio (Jo 7.20) e outros que ele era o Messias esperado (Jo 1.41; 7.41). Alguns diziam que ele enganava o povo (Jo 7.12) e outros que ele fazia milagres insuper\u00e1veis (Jo 7.31). Alguns diziam que Jesus falava como ningu\u00e9m (Jo 7.46) e outros queixavam-se da liberdade que ele tinha de falar em p\u00fablico (Jo 7.26).<\/p>\n<p>A confus\u00e3o em torno de Jesus era enorme. Quando ele disse que iria ficar com o povo \u201cs\u00f3 mais um pouco\u201d, a elite religiosa perguntou-se: \u201cPara onde ser\u00e1 que ele vai? Ser\u00e1 que ele vai morar com os judeus que moram no estrangeiro?\u201d (Jo 7.35, NTLH).<\/p>\n<p>A verdade \u00e9 que \u201co povo se dividiu por causa dele\u201d (Jo 7.43). Os pr\u00f3s e os contras quanto \u00e0 pessoa de Jesus continuam at\u00e9 hoje.<\/p>\n<p>\u2014 Estive confuso. N\u00e3o estou mais! Jesus \u00e9 o Cristo prometido desde G\u00eanesis!<\/p>\n<p><strong>\u00a0<\/strong><\/p>\n<p><strong>&gt;&gt; Retirado de\u00a0<em><a href=\"https:\/\/www.ultimato.com.br\/loja\/produtos\/refeicoes-diarias-com-jesus\">Refei\u00e7\u00f5es Di\u00e1rias com Jesus<\/a><\/em> [Elben C\u00e9sar]. Editora Ultimato.<\/strong><\/p>\n<p>Ou\u00e7a as nossas devocionais pelo <a href=\"https:\/\/open.spotify.com\/show\/7CG8DL9dgWZEgPzX3rnk51?si=1dbGejI2TQS16eamNjb2rA\">Spotify<\/a>!<\/p>\n","protected":false},"excerpt":{"rendered":"<p>Outros diziam: \u201cEle \u00e9 o Messias\u201d. E ainda outros: \u201cMas ele n\u00e3o pode ser! O Messias vir\u00e1 da Galileia?\u201d. Jo\u00e3o 7.41, BV Cada um dava o seu palpite a respeito de Jesus. O Evangelho Segundo Jo\u00e3o registra que havia muita gente comentando sobre ele: alguns di\u00adziam que ele era bom e outros que n\u00e3o era [&hellip;]<\/p>\n","protected":false},"author":21,"featured_media":162,"comment_status":"open","ping_status":"open","sticky":false,"template":"","format":"standard","meta":{"ngg_post_thumbnail":0,"footnotes":""},"categories":[5478],"tags":[],"class_list":["post-10112","post","type-post","status-publish","format-standard","has-post-thumbnail","hentry","category-elben-cesar"],"publishpress_future_action":{"enabled":false,"date":"2026-05-04 23:18:49","action":"change-status","newStatus":"draft","terms":[],"taxonomy":"category","extraData":[]},"publishpress_future_workflow_manual_trigger":{"enabledWorkflows":[]},"_links":{"self":[{"href":"https:\/\/ultimato.com.br\/sites\/devocional-diaria\/wp-json\/wp\/v2\/posts\/10112","targetHints":{"allow":["GET"]}}],"collection":[{"href":"https:\/\/ultimato.com.br\/sites\/devocional-diaria\/wp-json\/wp\/v2\/posts"}],"about":[{"href":"https:\/\/ultimato.com.br\/sites\/devocional-diaria\/wp-json\/wp\/v2\/types\/post"}],"author":[{"embeddable":true,"href":"https:\/\/ultimato.com.br\/sites\/devocional-diaria\/wp-json\/wp\/v2\/users\/21"}],"replies":[{"embeddable":true,"href":"https:\/\/ultimato.com.br\/sites\/devocional-diaria\/wp-json\/wp\/v2\/comments?post=10112"}],"version-history":[{"count":1,"href":"https:\/\/ultimato.com.br\/sites\/devocional-diaria\/wp-json\/wp\/v2\/posts\/10112\/revisions"}],"predecessor-version":[{"id":10113,"href":"https:\/\/ultimato.com.br\/sites\/devocional-diaria\/wp-json\/wp\/v2\/posts\/10112\/revisions\/10113"}],"wp:featuredmedia":[{"embeddable":true,"href":"https:\/\/ultimato.com.br\/sites\/devocional-diaria\/wp-json\/wp\/v2\/media\/162"}],"wp:attachment":[{"href":"https:\/\/ultimato.com.br\/sites\/devocional-diaria\/wp-json\/wp\/v2\/media?parent=10112"}],"wp:term":[{"taxonomy":"category","embeddable":true,"href":"https:\/\/ultimato.com.br\/sites\/devocional-diaria\/wp-json\/wp\/v2\/categories?post=10112"},{"taxonomy":"post_tag","embeddable":true,"href":"https:\/\/ultimato.com.br\/sites\/devocional-diaria\/wp-json\/wp\/v2\/tags?post=10112"}],"curies":[{"name":"wp","href":"https:\/\/api.w.org\/{rel}","templated":true}]}}