{"id":10108,"date":"2022-12-06T00:00:39","date_gmt":"2022-12-06T02:00:39","guid":{"rendered":"https:\/\/ultimato.com.br\/sites\/devocional-diaria\/?p=10108"},"modified":"2022-11-30T17:31:21","modified_gmt":"2022-11-30T19:31:21","slug":"a-coragem-faz-muita-falta","status":"publish","type":"post","link":"https:\/\/ultimato.com.br\/sites\/devocional-diaria\/2022\/12\/06\/autor\/elben-cesar\/a-coragem-faz-muita-falta\/","title":{"rendered":"A coragem faz muita falta"},"content":{"rendered":"<p>Ningu\u00e9m de fora tinha coragem de se juntar ao grupo deles, mas o povo falava muito bem\u00a0deles. (At 5.13)<\/p>\n<p>O grupo (a comunidade dos que criam) n\u00e3o era fechado. Tanto que, tendo\u00a0come\u00e7ado com cento e vinte pessoas, agora tinha milhares de fi\u00e9is e \u201ccada\u00a0dia o Senhor juntava ao grupo as pessoas que iam sendo salvas\u201d (2.47).<\/p>\n<p>Havia muitos n\u00e3o convertidos que n\u00e3o tomavam posi\u00e7\u00e3o apesar da prega\u00e7\u00e3o\u00a0e do amontoado de evid\u00eancias, principalmente no que dizia respeito \u00e0\u00a0ressurrei\u00e7\u00e3o de Jesus. Aquele boato de que os disc\u00edpulos tinham roubado o\u00a0corpo morto de Jesus para simular a ressurrei\u00e7\u00e3o j\u00e1 n\u00e3o impressionava muito\u00a0(Mt 28.15). Os estranhos notavam o assombroso crescimento num\u00e9rico\u00a0dos crentes. As convers\u00f5es eram not\u00e1veis e entre os convertidos havia um\u00a0grande n\u00famero de sacerdotes judeus (6.7). Ser\u00e1 que esses indecisos n\u00e3o se\u00a0convertiam por falta de um bom testemunho do grupo? Isso est\u00e1 totalmente\u00a0fora de cogita\u00e7\u00e3o.<\/p>\n<p>Lucas relata que o testemunho da igreja era excelente. Os crentes eram\u00a0de fato \u201cluz do mundo\u201d e \u201csal da terra\u201d, e por isso, \u201co povo falava muito\u00a0deles\u201d (5.13). Eles gozavam de \u201calto conceito\u201d (NVI), de \u201cgrande admira\u00e7\u00e3o\u201d\u00a0(RA), da \u201cmaior considera\u00e7\u00e3o\u201d (NBV). O povo batia palmas para os crentes,\u00a0elogiava-os (TEB) e os engrandecia (BJ). Isso n\u00e3o iria se perpetuar para\u00a0sempre, mas, naquele in\u00edcio, as coisas eram formid\u00e1veis, bem diferentes de\u00a0hoje. O que agravava a indecis\u00e3o dos que n\u00e3o aceitavam o evangelho era a\u00a0falta de coragem para carregar a cruz. O historiador p\u00f5e toda a culpa neles\u00a0mesmos: \u201cEmbora o povo os admirasse muito, ningu\u00e9m tinha coragem de\u00a0juntar-se a eles\u201d (S21). A coragem faz muita falta!<strong>\u00a0<\/strong><\/p>\n<p><strong>\u00a0<\/strong><\/p>\n<p><strong>&gt;&gt; Retirado de\u00a0<em><a href=\"https:\/\/www.ultimato.com.br\/loja\/produtos\/refeicoes-diarias\">Refei\u00e7\u00f5es Di\u00e1rias \u2013 no partir do p\u00e3o e na ora\u00e7\u00e3o<\/a><\/em> [Elben C\u00e9sar]. Editora Ultimato.<\/strong><strong>\u00a0<\/strong><\/p>\n<p>Ou\u00e7a as nossas devocionais pelo <a href=\"https:\/\/open.spotify.com\/show\/7CG8DL9dgWZEgPzX3rnk51?si=1dbGejI2TQS16eamNjb2rA\">Spotify<\/a>!<\/p>\n","protected":false},"excerpt":{"rendered":"<p>Ningu\u00e9m de fora tinha coragem de se juntar ao grupo deles, mas o povo falava muito bem\u00a0deles. (At 5.13) O grupo (a comunidade dos que criam) n\u00e3o era fechado. Tanto que, tendo\u00a0come\u00e7ado com cento e vinte pessoas, agora tinha milhares de fi\u00e9is e \u201ccada\u00a0dia o Senhor juntava ao grupo as pessoas que iam sendo salvas\u201d [&hellip;]<\/p>\n","protected":false},"author":21,"featured_media":164,"comment_status":"open","ping_status":"open","sticky":false,"template":"","format":"standard","meta":{"ngg_post_thumbnail":0,"footnotes":""},"categories":[5478],"tags":[],"class_list":["post-10108","post","type-post","status-publish","format-standard","has-post-thumbnail","hentry","category-elben-cesar"],"publishpress_future_action":{"enabled":false,"date":"2026-05-04 22:01:28","action":"change-status","newStatus":"draft","terms":[],"taxonomy":"category","extraData":[]},"publishpress_future_workflow_manual_trigger":{"enabledWorkflows":[]},"_links":{"self":[{"href":"https:\/\/ultimato.com.br\/sites\/devocional-diaria\/wp-json\/wp\/v2\/posts\/10108","targetHints":{"allow":["GET"]}}],"collection":[{"href":"https:\/\/ultimato.com.br\/sites\/devocional-diaria\/wp-json\/wp\/v2\/posts"}],"about":[{"href":"https:\/\/ultimato.com.br\/sites\/devocional-diaria\/wp-json\/wp\/v2\/types\/post"}],"author":[{"embeddable":true,"href":"https:\/\/ultimato.com.br\/sites\/devocional-diaria\/wp-json\/wp\/v2\/users\/21"}],"replies":[{"embeddable":true,"href":"https:\/\/ultimato.com.br\/sites\/devocional-diaria\/wp-json\/wp\/v2\/comments?post=10108"}],"version-history":[{"count":1,"href":"https:\/\/ultimato.com.br\/sites\/devocional-diaria\/wp-json\/wp\/v2\/posts\/10108\/revisions"}],"predecessor-version":[{"id":10109,"href":"https:\/\/ultimato.com.br\/sites\/devocional-diaria\/wp-json\/wp\/v2\/posts\/10108\/revisions\/10109"}],"wp:featuredmedia":[{"embeddable":true,"href":"https:\/\/ultimato.com.br\/sites\/devocional-diaria\/wp-json\/wp\/v2\/media\/164"}],"wp:attachment":[{"href":"https:\/\/ultimato.com.br\/sites\/devocional-diaria\/wp-json\/wp\/v2\/media?parent=10108"}],"wp:term":[{"taxonomy":"category","embeddable":true,"href":"https:\/\/ultimato.com.br\/sites\/devocional-diaria\/wp-json\/wp\/v2\/categories?post=10108"},{"taxonomy":"post_tag","embeddable":true,"href":"https:\/\/ultimato.com.br\/sites\/devocional-diaria\/wp-json\/wp\/v2\/tags?post=10108"}],"curies":[{"name":"wp","href":"https:\/\/api.w.org\/{rel}","templated":true}]}}