{"id":10106,"date":"2022-12-05T00:00:50","date_gmt":"2022-12-05T02:00:50","guid":{"rendered":"https:\/\/ultimato.com.br\/sites\/devocional-diaria\/?p=10106"},"modified":"2022-11-30T17:27:05","modified_gmt":"2022-11-30T19:27:05","slug":"blasfemando-contra-o-bom-nome","status":"publish","type":"post","link":"https:\/\/ultimato.com.br\/sites\/devocional-diaria\/2022\/12\/05\/autor\/elben-cesar\/blasfemando-contra-o-bom-nome\/","title":{"rendered":"Blasfemando contra o bom nome\u00a0"},"content":{"rendered":"<p>S\u00e3o eles que falam mal do bom nome que Deus deu a voc\u00eas. (Tg 2.7)<\/p>\n<p>A acusa\u00e7\u00e3o de Tiago \u00e9 direta e sem rodeios: \u201cS\u00e3o eles [os ricos] que falam\u00a0mal do bom nome que Deus deu a voc\u00eas\u201d. Essa segunda acusa\u00e7\u00e3o vem logo\u00a0depois da primeira: \u201cs\u00e3o os ricos que exploram voc\u00eas\u201d (2.6).<\/p>\n<p>H\u00e1 tanta coisa contra os ricos e contra os pecados cometidos pela l\u00edngua\u00a0nessa carta pastoral, que o leitor \u00e9 levado a crer que esses eram os dois males\u00a0mais frequentes entre o povo de Deus espalhado pelo mundo inteiro. Volta\u00a0e meia, Tiago \u00e9 obrigado a tratar do assunto. Naturalmente, cada grupo de\u00a0crentes tem os seus problemas. Na igreja de Corinto, os pecados mais clamorosos\u00a0eram as brigas entre crentes e o comportamento sexual (por causa do\u00a0passado de alguns deles e por causa da influ\u00eancia da sociedade corintiana).<\/p>\n<p>Estando esses irm\u00e3os morando em diferentes lugares e distantes de Tiago,\u00a0como o autor da carta ficava sabendo desses comportamentos reprov\u00e1veis?\u00a0Porventura, nessas igrejas havia algumas fam\u00edlias como a fam\u00edlia de Clo\u00e9,\u00a0que informava a Paulo o que estava acontecendo em Corinto (1Co 1.11)?\u00a0Porventura, o testemunho deles era t\u00e3o ruim que toda sociedade conhecia o\u00a0mau uso que eles faziam da l\u00edngua e da riqueza? Passados mais de dois mil\u00a0anos, os crist\u00e3os de hoje, acostumados a ler toda a B\u00edblia (e n\u00e3o s\u00f3 os Salmos\u00a0e os Evangelhos), est\u00e3o sabendo desses deslizes e de como Tiago tratou deles.\u00a0Mais ainda: os que falam demais e os ricos que exploram os pobres est\u00e3o\u00a0aprendendo como se corrigir dessas coisas.<\/p>\n<p>O bom nome, o nome sublime, o nome ilustre, o nome excelso, o novo\u00a0nome (o nome de batismo) que foi sobre eles invocado e que est\u00e1 sendo\u00a0difamado, blasfemado e estragado pelos maus ricos \u00e9 de fato muito bonito e\u00a0significativo: o nome de \u201ccrist\u00e3os\u201d!<\/p>\n<p>L\u00edngua continuamente aberta e bolso continuamente fechado \u2013 eis o problema!<\/p>\n<p><strong>\u00a0<\/strong><\/p>\n<p><strong>&gt;&gt; Retirado de\u00a0<em><a href=\"https:\/\/www.ultimato.com.br\/loja\/produtos\/refeicoes-diarias-com-os-discipulos\">Refei\u00e7\u00f5es Di\u00e1rias com os Disc\u00edpulos<\/a><\/em> [Elben C\u00e9sar]. Editora Ultimato.<\/strong><strong>\u00a0<\/strong><\/p>\n<p>Ou\u00e7a as nossas devocionais pelo <a href=\"https:\/\/open.spotify.com\/show\/7CG8DL9dgWZEgPzX3rnk51?si=1dbGejI2TQS16eamNjb2rA\">Spotify<\/a>!<\/p>\n","protected":false},"excerpt":{"rendered":"<p>S\u00e3o eles que falam mal do bom nome que Deus deu a voc\u00eas. (Tg 2.7) A acusa\u00e7\u00e3o de Tiago \u00e9 direta e sem rodeios: \u201cS\u00e3o eles [os ricos] que falam\u00a0mal do bom nome que Deus deu a voc\u00eas\u201d. Essa segunda acusa\u00e7\u00e3o vem logo\u00a0depois da primeira: \u201cs\u00e3o os ricos que exploram voc\u00eas\u201d (2.6). H\u00e1 tanta coisa [&hellip;]<\/p>\n","protected":false},"author":21,"featured_media":165,"comment_status":"open","ping_status":"open","sticky":false,"template":"","format":"standard","meta":{"ngg_post_thumbnail":0,"footnotes":""},"categories":[5478],"tags":[],"class_list":["post-10106","post","type-post","status-publish","format-standard","has-post-thumbnail","hentry","category-elben-cesar"],"publishpress_future_action":{"enabled":false,"date":"2026-05-04 20:36:22","action":"change-status","newStatus":"draft","terms":[],"taxonomy":"category","extraData":[]},"publishpress_future_workflow_manual_trigger":{"enabledWorkflows":[]},"_links":{"self":[{"href":"https:\/\/ultimato.com.br\/sites\/devocional-diaria\/wp-json\/wp\/v2\/posts\/10106","targetHints":{"allow":["GET"]}}],"collection":[{"href":"https:\/\/ultimato.com.br\/sites\/devocional-diaria\/wp-json\/wp\/v2\/posts"}],"about":[{"href":"https:\/\/ultimato.com.br\/sites\/devocional-diaria\/wp-json\/wp\/v2\/types\/post"}],"author":[{"embeddable":true,"href":"https:\/\/ultimato.com.br\/sites\/devocional-diaria\/wp-json\/wp\/v2\/users\/21"}],"replies":[{"embeddable":true,"href":"https:\/\/ultimato.com.br\/sites\/devocional-diaria\/wp-json\/wp\/v2\/comments?post=10106"}],"version-history":[{"count":1,"href":"https:\/\/ultimato.com.br\/sites\/devocional-diaria\/wp-json\/wp\/v2\/posts\/10106\/revisions"}],"predecessor-version":[{"id":10107,"href":"https:\/\/ultimato.com.br\/sites\/devocional-diaria\/wp-json\/wp\/v2\/posts\/10106\/revisions\/10107"}],"wp:featuredmedia":[{"embeddable":true,"href":"https:\/\/ultimato.com.br\/sites\/devocional-diaria\/wp-json\/wp\/v2\/media\/165"}],"wp:attachment":[{"href":"https:\/\/ultimato.com.br\/sites\/devocional-diaria\/wp-json\/wp\/v2\/media?parent=10106"}],"wp:term":[{"taxonomy":"category","embeddable":true,"href":"https:\/\/ultimato.com.br\/sites\/devocional-diaria\/wp-json\/wp\/v2\/categories?post=10106"},{"taxonomy":"post_tag","embeddable":true,"href":"https:\/\/ultimato.com.br\/sites\/devocional-diaria\/wp-json\/wp\/v2\/tags?post=10106"}],"curies":[{"name":"wp","href":"https:\/\/api.w.org\/{rel}","templated":true}]}}