{"id":10098,"date":"2022-11-25T00:00:37","date_gmt":"2022-11-25T02:00:37","guid":{"rendered":"https:\/\/ultimato.com.br\/sites\/devocional-diaria\/?p=10098"},"modified":"2022-11-11T18:12:21","modified_gmt":"2022-11-11T20:12:21","slug":"jesus-esta-acima-da-fisica","status":"publish","type":"post","link":"https:\/\/ultimato.com.br\/sites\/devocional-diaria\/2022\/11\/25\/autor\/elben-cesar\/jesus-esta-acima-da-fisica\/","title":{"rendered":"Jesus est\u00e1 acima da f\u00edsica"},"content":{"rendered":"<p>Na quarta vig\u00edlia da noite, foi Jesus ter com eles, andando por sobre o mar. (Mateus 14.25)<\/p>\n<p>Para a raz\u00e3o humana, o caminho para chegar \u00e0 plena convic\u00e7\u00e3o da natureza divina de Jesus \u00e9 mais longo do que o caminho para chegar \u00e0 plena convic\u00e7\u00e3o de sua natureza humana. Por\u00e9m, as duas caminhadas t\u00eam a mesma import\u00e2ncia e precisam ser feitas.<\/p>\n<p>Por ser Deus, Jesus age com absoluta naturalidade em qualquer situa\u00e7\u00e3o. Ele acalma as ondas do mar e a f\u00faria do vento ao atravessar o lago Tiber\u00edades (Mt 8.23-27). Ele caminha de madrugada sobre a superf\u00edcie l\u00edquida do mesmo lago, desde a costa at\u00e9 sua metade (Mt 14.22-23). Ele corta de tal modo a vitalidade de uma figueira que ela seca por completo e imediatamente (Mt 21.18-22). Sem sair do lugar onde estava, ele transforma seiscentos litros de \u00e1gua em vinho da melhor qualidade (Jo 2.1-12). Em duas ocasi\u00f5es, ele multiplica uma quantidade m\u00ednima de p\u00e3es e peixes para alimentar uma quantidade enorme de pessoas (Mt 14.13-21; 15.32-39).<\/p>\n<p>\u2014 Devo colocar o rosto em terra diante daquele que n\u00e3o se limita \u00e0s leis da f\u00edsica.<strong>\u00a0<\/strong><\/p>\n<p><strong>\u00a0<\/strong><\/p>\n<p><strong>&gt;&gt; Retirado de\u00a0<em><a href=\"https:\/\/www.ultimato.com.br\/loja\/produtos\/refeicoes-diarias-com-jesus\">Refei\u00e7\u00f5es Di\u00e1rias com Jesus<\/a><\/em> [Elben C\u00e9sar]. Editora Ultimato.<\/strong><\/p>\n<p>Ou\u00e7a as nossas devocionais pelo <a href=\"https:\/\/open.spotify.com\/show\/7CG8DL9dgWZEgPzX3rnk51?si=1dbGejI2TQS16eamNjb2rA\">Spotify<\/a>!<\/p>\n","protected":false},"excerpt":{"rendered":"<p>Na quarta vig\u00edlia da noite, foi Jesus ter com eles, andando por sobre o mar. (Mateus 14.25) Para a raz\u00e3o humana, o caminho para chegar \u00e0 plena convic\u00e7\u00e3o da natureza divina de Jesus \u00e9 mais longo do que o caminho para chegar \u00e0 plena convic\u00e7\u00e3o de sua natureza humana. Por\u00e9m, as duas caminhadas t\u00eam a [&hellip;]<\/p>\n","protected":false},"author":21,"featured_media":161,"comment_status":"open","ping_status":"open","sticky":false,"template":"","format":"standard","meta":{"ngg_post_thumbnail":0,"footnotes":""},"categories":[5478],"tags":[],"class_list":["post-10098","post","type-post","status-publish","format-standard","has-post-thumbnail","hentry","category-elben-cesar"],"publishpress_future_action":{"enabled":false,"date":"2026-05-04 17:48:38","action":"change-status","newStatus":"draft","terms":[],"taxonomy":"category","extraData":[]},"publishpress_future_workflow_manual_trigger":{"enabledWorkflows":[]},"_links":{"self":[{"href":"https:\/\/ultimato.com.br\/sites\/devocional-diaria\/wp-json\/wp\/v2\/posts\/10098","targetHints":{"allow":["GET"]}}],"collection":[{"href":"https:\/\/ultimato.com.br\/sites\/devocional-diaria\/wp-json\/wp\/v2\/posts"}],"about":[{"href":"https:\/\/ultimato.com.br\/sites\/devocional-diaria\/wp-json\/wp\/v2\/types\/post"}],"author":[{"embeddable":true,"href":"https:\/\/ultimato.com.br\/sites\/devocional-diaria\/wp-json\/wp\/v2\/users\/21"}],"replies":[{"embeddable":true,"href":"https:\/\/ultimato.com.br\/sites\/devocional-diaria\/wp-json\/wp\/v2\/comments?post=10098"}],"version-history":[{"count":1,"href":"https:\/\/ultimato.com.br\/sites\/devocional-diaria\/wp-json\/wp\/v2\/posts\/10098\/revisions"}],"predecessor-version":[{"id":10099,"href":"https:\/\/ultimato.com.br\/sites\/devocional-diaria\/wp-json\/wp\/v2\/posts\/10098\/revisions\/10099"}],"wp:featuredmedia":[{"embeddable":true,"href":"https:\/\/ultimato.com.br\/sites\/devocional-diaria\/wp-json\/wp\/v2\/media\/161"}],"wp:attachment":[{"href":"https:\/\/ultimato.com.br\/sites\/devocional-diaria\/wp-json\/wp\/v2\/media?parent=10098"}],"wp:term":[{"taxonomy":"category","embeddable":true,"href":"https:\/\/ultimato.com.br\/sites\/devocional-diaria\/wp-json\/wp\/v2\/categories?post=10098"},{"taxonomy":"post_tag","embeddable":true,"href":"https:\/\/ultimato.com.br\/sites\/devocional-diaria\/wp-json\/wp\/v2\/tags?post=10098"}],"curies":[{"name":"wp","href":"https:\/\/api.w.org\/{rel}","templated":true}]}}