{"id":10094,"date":"2022-11-23T00:00:51","date_gmt":"2022-11-23T02:00:51","guid":{"rendered":"https:\/\/ultimato.com.br\/sites\/devocional-diaria\/?p=10094"},"modified":"2022-11-11T18:06:39","modified_gmt":"2022-11-11T20:06:39","slug":"a-pratica-da-oracao","status":"publish","type":"post","link":"https:\/\/ultimato.com.br\/sites\/devocional-diaria\/2022\/11\/23\/autor\/christian-gillis\/a-pratica-da-oracao\/","title":{"rendered":"A pr\u00e1tica da ora\u00e7\u00e3o"},"content":{"rendered":"<p>Se pedem e n\u00e3o recebem, \u00e9 porque pedem mal, pedindo coisas que s\u00f3 servem os vossos prazeres. (Tiago 4.3)<\/p>\n<p>A ora\u00e7\u00e3o \u00e9 frustrante quando fica presa e restrita \u00e0 pobreza de nossas\u00a0preocupa\u00e7\u00f5es costumeiras.<\/p>\n<p>Observando as ora\u00e7\u00f5es b\u00edblicas, descobrimos que elas est\u00e3o centradas no\u00a0grande desejo de crescer no conhecimento de Deus e focadas em discernir a\u00a0vontade divina; que est\u00e3o repletas do desejo de frutificar em toda boa obra e\u00a0cheias da busca por desenvolvimento espiritual que se realiza na pessoa de\u00a0Jesus. Ou seja: Deus antes, \u201ceu\u201d depois. \u00c9 o padr\u00e3o encontrado na ora\u00e7\u00e3o do\u00a0\u201cPai-Nosso\u201d. Primeiro Deus, seu nome, seu reino; depois nosso p\u00e3o, nossas\u00a0rela\u00e7\u00f5es, nossas tenta\u00e7\u00f5es, perd\u00e3o e prote\u00e7\u00e3o.<\/p>\n<p>Pela ora\u00e7\u00e3o a mente se ajusta ao plano e ao cora\u00e7\u00e3o de Deus: ora\u00e7\u00e3o n\u00e3o \u00e9\u00a0para a mera satisfa\u00e7\u00e3o da vontade pessoal, mas para que a vontade do Eterno\u00a0se concretize em nossa exist\u00eancia! Na verdade, a ora\u00e7\u00e3o \u00e9 necess\u00e1ria para\u00a0que possamos cumprir as ordens b\u00edblicas e os pap\u00e9is que Deus deseja que\u00a0cumpramos. N\u00e3o parece certo separar as ordens b\u00edblicas do mandato para\u00a0orar com regularidade. Deus espera que cumpramos \u201cnossa miss\u00e3o\u201d n\u00e3o por\u00a0nossas for\u00e7as, mas pelo poder que vem do alto.<\/p>\n<p>Por fim, a ora\u00e7\u00e3o deve ser constante (perseverante, permanente, dedicada)\u00a0e alerta (n\u00e3o sonolenta, n\u00e3o distra\u00edda), com discernimento do contexto\u00a0em que se vive e do que acontece \u00e0 nossa volta, tratando com Deus nossas\u00a0impress\u00f5es sobre o mundo.<\/p>\n<p>Ven\u00e7a a estagna\u00e7\u00e3o relativa \u00e0 ora\u00e7\u00e3o, orando com foco nos prop\u00f3sitos\u00a0divinos. Experimente orar desse modo por alguns dias e ou\u00e7a o que o Esp\u00edrito\u00a0Santo diz ao seu cora\u00e7\u00e3o. Com certeza, isso o ajudar\u00e1 a vivenciar um encontro\u00a0mais cheio de significado de que um ser humano pode desfrutar.<\/p>\n<p>Deus, in\u00fameras vezes minha pr\u00e1tica de ora\u00e7\u00e3o se assemelha \u00e0 dos hip\u00f3critas\u00a0ou dos pag\u00e3os. Ajuda-me a submeter minha ora\u00e7\u00e3o \u00e0 tua vontade e livra-me de\u00a0minhas pr\u00e1ticas vazias. Am\u00e9m.<strong>\u00a0<\/strong><\/p>\n<p><strong>\u00a0<\/strong><\/p>\n<p><strong>&gt;&gt; Retirado de\u00a0<em><a href=\"https:\/\/www.ultimato.com.br\/loja\/produtos\/refeicoes-diarias-celebrando-a-reconciliacao\">Refei\u00e7\u00f5es Di\u00e1rias \u2013 Celebrando a Reconcilia\u00e7\u00e3o<\/a><\/em>. Editora Ultimato.<\/strong><\/p>\n<p>Ou\u00e7a as nossas devocionais pelo <a href=\"https:\/\/open.spotify.com\/show\/7CG8DL9dgWZEgPzX3rnk51?si=1dbGejI2TQS16eamNjb2rA\">Spotify<\/a>!<\/p>\n","protected":false},"excerpt":{"rendered":"<p>Se pedem e n\u00e3o recebem, \u00e9 porque pedem mal, pedindo coisas que s\u00f3 servem os vossos prazeres. (Tiago 4.3) A ora\u00e7\u00e3o \u00e9 frustrante quando fica presa e restrita \u00e0 pobreza de nossas\u00a0preocupa\u00e7\u00f5es costumeiras. Observando as ora\u00e7\u00f5es b\u00edblicas, descobrimos que elas est\u00e3o centradas no\u00a0grande desejo de crescer no conhecimento de Deus e focadas em discernir a\u00a0vontade [&hellip;]<\/p>\n","protected":false},"author":21,"featured_media":163,"comment_status":"open","ping_status":"open","sticky":false,"template":"","format":"standard","meta":{"ngg_post_thumbnail":0,"footnotes":""},"categories":[40862],"tags":[],"class_list":["post-10094","post","type-post","status-publish","format-standard","has-post-thumbnail","hentry","category-christian-gillis"],"publishpress_future_action":{"enabled":false,"date":"2026-05-04 20:36:42","action":"change-status","newStatus":"draft","terms":[],"taxonomy":"category","extraData":[]},"publishpress_future_workflow_manual_trigger":{"enabledWorkflows":[]},"_links":{"self":[{"href":"https:\/\/ultimato.com.br\/sites\/devocional-diaria\/wp-json\/wp\/v2\/posts\/10094","targetHints":{"allow":["GET"]}}],"collection":[{"href":"https:\/\/ultimato.com.br\/sites\/devocional-diaria\/wp-json\/wp\/v2\/posts"}],"about":[{"href":"https:\/\/ultimato.com.br\/sites\/devocional-diaria\/wp-json\/wp\/v2\/types\/post"}],"author":[{"embeddable":true,"href":"https:\/\/ultimato.com.br\/sites\/devocional-diaria\/wp-json\/wp\/v2\/users\/21"}],"replies":[{"embeddable":true,"href":"https:\/\/ultimato.com.br\/sites\/devocional-diaria\/wp-json\/wp\/v2\/comments?post=10094"}],"version-history":[{"count":1,"href":"https:\/\/ultimato.com.br\/sites\/devocional-diaria\/wp-json\/wp\/v2\/posts\/10094\/revisions"}],"predecessor-version":[{"id":10095,"href":"https:\/\/ultimato.com.br\/sites\/devocional-diaria\/wp-json\/wp\/v2\/posts\/10094\/revisions\/10095"}],"wp:featuredmedia":[{"embeddable":true,"href":"https:\/\/ultimato.com.br\/sites\/devocional-diaria\/wp-json\/wp\/v2\/media\/163"}],"wp:attachment":[{"href":"https:\/\/ultimato.com.br\/sites\/devocional-diaria\/wp-json\/wp\/v2\/media?parent=10094"}],"wp:term":[{"taxonomy":"category","embeddable":true,"href":"https:\/\/ultimato.com.br\/sites\/devocional-diaria\/wp-json\/wp\/v2\/categories?post=10094"},{"taxonomy":"post_tag","embeddable":true,"href":"https:\/\/ultimato.com.br\/sites\/devocional-diaria\/wp-json\/wp\/v2\/tags?post=10094"}],"curies":[{"name":"wp","href":"https:\/\/api.w.org\/{rel}","templated":true}]}}