{"id":10092,"date":"2022-11-22T00:00:13","date_gmt":"2022-11-22T02:00:13","guid":{"rendered":"https:\/\/ultimato.com.br\/sites\/devocional-diaria\/?p=10092"},"modified":"2022-11-11T18:04:43","modified_gmt":"2022-11-11T20:04:43","slug":"em-data-nao-revelada","status":"publish","type":"post","link":"https:\/\/ultimato.com.br\/sites\/devocional-diaria\/2022\/11\/22\/autor\/elben-cesar\/em-data-nao-revelada\/","title":{"rendered":"Em data n\u00e3o revelada\u00a0"},"content":{"rendered":"<p>Pois ele marcou o dia em que vai julgar o mundo com justi\u00e7a, por meio de um homem que\u00a0escolheu. (17.31a)<\/p>\n<p>Paulo faz contraste entre Zeus, o rei dos deuses, e o Deus Desconhecido.\u00a0Aquele \u00e9 um deus safado, que tinha muitos casos amorosos com deusas e\u00a0mulheres mortais. Este \u00e9 um Deus t\u00e3o s\u00e9rio, t\u00e3o santo e t\u00e3o justo que \u201c<em>marcou\u00a0<\/em>um dia em que vai julgar o mundo com justi\u00e7a\u201d. Outras tradu\u00e7\u00f5es dizem\u00a0que Deus determinou, estabeleceu ou fixou um dia. Na B\u00edblia do Peregrino\u00a0est\u00e1 escrito que \u201cDeus marcou uma <em>data<\/em>\u201d.<\/p>\n<p>N\u00e3o \u00e9 a primeira vez que o Novo Testamento faz refer\u00eancia \u00e0 agenda de\u00a0Deus. Em outra ocasi\u00e3o, Paulo coloca em ordem alguns eventos escatol\u00f3gicos:\u00a0a vinda de Cristo, a ressurrei\u00e7\u00e3o dos mortos, a destrui\u00e7\u00e3o das potestades do\u00a0ar, a morte da morte (o \u00faltimo inimigo a ser destru\u00eddo), a vit\u00f3ria de Jesus\u00a0sobre tudo e sobre todos e o reinado absoluto de Deus (1Co 15.22-26).\u00a0Na linguagem figurada de Apocalipse, s\u00e3o anunciados: a abertura dos sete\u00a0selos, o som das sete trombetas e o derramar das sete ta\u00e7as da ira de Deus.\u00a0A agenda de Deus vai da cria\u00e7\u00e3o dos c\u00e9us e da terra (no primeiro cap\u00edtulo\u00a0da B\u00edblia) at\u00e9 a cria\u00e7\u00e3o dos novos c\u00e9us e nova terra (no pen\u00faltimo cap\u00edtulo\u00a0da B\u00edblia). Entre uma coisa e outra, na plenitude dos tempos (ou \u201cquando\u00a0chegou o tempo certo\u201d ou \u201cquando cumpriu o prazo\u201d), Deus enviou seu\u00a0Filho ao mundo (Gl 4.4).<\/p>\n<p>Tudo tem data certa, como o dia em que Deus vai julgar o mundo. Mas\u00a0essa e outras datas est\u00e3o guardadas a sete chaves. Jesus mesmo explicou que\u00a0ningu\u00e9m sabe a hora, o dia, o m\u00eas e o ano em que essas coisas v\u00e3o acontecer\u00a0(Mc 13.32). E j\u00e1 que ningu\u00e9m sabe, importa vigiar e aguardar! Porque\u00a0n\u00e3o cabe a n\u00f3s \u201csaber a ocasi\u00e3o ou as datas que o Pai determinou pela sua\u00a0pr\u00f3pria autoridade\u201d (1.7, NBV).<strong>\u00a0<\/strong><\/p>\n<p><strong>\u00a0<\/strong><\/p>\n<p><strong>&gt;&gt; Retirado de\u00a0<em><a href=\"https:\/\/www.ultimato.com.br\/loja\/produtos\/refeicoes-diarias\">Refei\u00e7\u00f5es Di\u00e1rias \u2013 no partir do p\u00e3o e na ora\u00e7\u00e3o<\/a><\/em> [Elben C\u00e9sar]. Editora Ultimato.<\/strong><strong>\u00a0<\/strong><\/p>\n<p>Ou\u00e7a as nossas devocionais pelo <a href=\"https:\/\/open.spotify.com\/show\/7CG8DL9dgWZEgPzX3rnk51?si=1dbGejI2TQS16eamNjb2rA\">Spotify<\/a>!<\/p>\n","protected":false},"excerpt":{"rendered":"<p>Pois ele marcou o dia em que vai julgar o mundo com justi\u00e7a, por meio de um homem que\u00a0escolheu. (17.31a) Paulo faz contraste entre Zeus, o rei dos deuses, e o Deus Desconhecido.\u00a0Aquele \u00e9 um deus safado, que tinha muitos casos amorosos com deusas e\u00a0mulheres mortais. Este \u00e9 um Deus t\u00e3o s\u00e9rio, t\u00e3o santo e [&hellip;]<\/p>\n","protected":false},"author":21,"featured_media":164,"comment_status":"open","ping_status":"open","sticky":false,"template":"","format":"standard","meta":{"ngg_post_thumbnail":0,"footnotes":""},"categories":[5478],"tags":[],"class_list":["post-10092","post","type-post","status-publish","format-standard","has-post-thumbnail","hentry","category-elben-cesar"],"publishpress_future_action":{"enabled":false,"date":"2026-05-04 21:51:13","action":"change-status","newStatus":"draft","terms":[],"taxonomy":"category","extraData":[]},"publishpress_future_workflow_manual_trigger":{"enabledWorkflows":[]},"_links":{"self":[{"href":"https:\/\/ultimato.com.br\/sites\/devocional-diaria\/wp-json\/wp\/v2\/posts\/10092","targetHints":{"allow":["GET"]}}],"collection":[{"href":"https:\/\/ultimato.com.br\/sites\/devocional-diaria\/wp-json\/wp\/v2\/posts"}],"about":[{"href":"https:\/\/ultimato.com.br\/sites\/devocional-diaria\/wp-json\/wp\/v2\/types\/post"}],"author":[{"embeddable":true,"href":"https:\/\/ultimato.com.br\/sites\/devocional-diaria\/wp-json\/wp\/v2\/users\/21"}],"replies":[{"embeddable":true,"href":"https:\/\/ultimato.com.br\/sites\/devocional-diaria\/wp-json\/wp\/v2\/comments?post=10092"}],"version-history":[{"count":1,"href":"https:\/\/ultimato.com.br\/sites\/devocional-diaria\/wp-json\/wp\/v2\/posts\/10092\/revisions"}],"predecessor-version":[{"id":10093,"href":"https:\/\/ultimato.com.br\/sites\/devocional-diaria\/wp-json\/wp\/v2\/posts\/10092\/revisions\/10093"}],"wp:featuredmedia":[{"embeddable":true,"href":"https:\/\/ultimato.com.br\/sites\/devocional-diaria\/wp-json\/wp\/v2\/media\/164"}],"wp:attachment":[{"href":"https:\/\/ultimato.com.br\/sites\/devocional-diaria\/wp-json\/wp\/v2\/media?parent=10092"}],"wp:term":[{"taxonomy":"category","embeddable":true,"href":"https:\/\/ultimato.com.br\/sites\/devocional-diaria\/wp-json\/wp\/v2\/categories?post=10092"},{"taxonomy":"post_tag","embeddable":true,"href":"https:\/\/ultimato.com.br\/sites\/devocional-diaria\/wp-json\/wp\/v2\/tags?post=10092"}],"curies":[{"name":"wp","href":"https:\/\/api.w.org\/{rel}","templated":true}]}}