{"id":10090,"date":"2022-11-21T00:00:53","date_gmt":"2022-11-21T02:00:53","guid":{"rendered":"https:\/\/ultimato.com.br\/sites\/devocional-diaria\/?p=10090"},"modified":"2022-11-11T18:03:21","modified_gmt":"2022-11-11T20:03:21","slug":"subindo-a-rampa","status":"publish","type":"post","link":"https:\/\/ultimato.com.br\/sites\/devocional-diaria\/2022\/11\/21\/autor\/elben-cesar\/subindo-a-rampa\/","title":{"rendered":"Subindo a rampa"},"content":{"rendered":"<p>Que a gra\u00e7a e a paz estejam com voc\u00eas e aumentem cada vez mais. (2Pe 1.2)<\/p>\n<p>N\u00e3o \u00e9 para parar no ponto inicial. O caminho come\u00e7a a\u00ed, mas n\u00e3o termina\u00a0a\u00ed. Depois do primeiro degrau, h\u00e1 o segundo, o terceiro, o quarto, o quinto\u00a0e outros degraus. Se h\u00e1 degraus \u00e9 porque h\u00e1 escada; se h\u00e1 escada \u00e9 porque h\u00e1\u00a0um topo mais acima. Entre o conhecimento e o pleno conhecimento, entre a\u00a0justifica\u00e7\u00e3o e a glorifica\u00e7\u00e3o, entre a posse do Esp\u00edrito e a plenitude do Esp\u00edrito \u2013 h\u00e1\u00a0um caminho a percorrer, h\u00e1 uma rampa para subir.<\/p>\n<p>Se at\u00e9 Jesus em sua natureza humana \u201ccrescia e ficava forte\u201d (Lc 2.40),\u00a0muito mais precisamos crescer n\u00f3s, que carregamos o pecado em nosso interior.\u00a0N\u00e3o fomos salvos para parar no tempo. N\u00e3o fomos agraciados por Deus\u00a0para sermos uma eterna crian\u00e7a em Cristo, alimentando-nos s\u00f3 com leite e\u00a0permanecendo no ber\u00e7o a vida inteira (1Co 3.1-3).<\/p>\n<p>A ignor\u00e2ncia das Escrituras precisa diminuir, a incredulidade precisa diminuir,\u00a0o medo precisa diminuir, a ansiedade precisa diminuir, o pecado precisa\u00a0diminuir, o orgulho precisa diminuir, o egocentrismo precisa diminuir. Por\u00a0falta de crescimento, ainda dependemos de quem nos ensine as primeiras li\u00e7\u00f5es,\u00a0quando j\u00e1 dever\u00edamos ser mestres (Hb 5.11-12). Por falta de crescimento na\u00a0f\u00e9, no conhecimento, nas boas obras, na ora\u00e7\u00e3o, na comunh\u00e3o com Deus, o\u00a0reino de Deus cresce menos e mais devagar, o testemunho \u00e9 fraco e os esc\u00e2ndalos\u00a0s\u00e3o mais poss\u00edveis e mais numerosos. Mas o crescimento n\u00e3o beneficia\u00a0apenas o corpo de Cristo. Ele faz uma falta enorme na vida de cada disc\u00edpulo!<\/p>\n<p>H\u00e1 privil\u00e9gios e b\u00ean\u00e7\u00e3os que s\u00f3 alcan\u00e7aremos com a maturidade!<strong>\u00a0<\/strong><\/p>\n<p><strong>\u00a0<\/strong><\/p>\n<p><strong>&gt;&gt; Retirado de\u00a0<em><a href=\"https:\/\/www.ultimato.com.br\/loja\/produtos\/refeicoes-diarias-com-os-discipulos\">Refei\u00e7\u00f5es Di\u00e1rias com os Disc\u00edpulos<\/a><\/em> [Elben C\u00e9sar]. Editora Ultimato.<\/strong><strong>\u00a0<\/strong><\/p>\n<p>Ou\u00e7a as nossas devocionais pelo <a href=\"https:\/\/open.spotify.com\/show\/7CG8DL9dgWZEgPzX3rnk51?si=1dbGejI2TQS16eamNjb2rA\">Spotify<\/a>!<\/p>\n","protected":false},"excerpt":{"rendered":"<p>Que a gra\u00e7a e a paz estejam com voc\u00eas e aumentem cada vez mais. (2Pe 1.2) N\u00e3o \u00e9 para parar no ponto inicial. O caminho come\u00e7a a\u00ed, mas n\u00e3o termina\u00a0a\u00ed. Depois do primeiro degrau, h\u00e1 o segundo, o terceiro, o quarto, o quinto\u00a0e outros degraus. Se h\u00e1 degraus \u00e9 porque h\u00e1 escada; se h\u00e1 escada [&hellip;]<\/p>\n","protected":false},"author":21,"featured_media":165,"comment_status":"open","ping_status":"open","sticky":false,"template":"","format":"standard","meta":{"ngg_post_thumbnail":0,"footnotes":""},"categories":[5478],"tags":[],"class_list":["post-10090","post","type-post","status-publish","format-standard","has-post-thumbnail","hentry","category-elben-cesar"],"publishpress_future_action":{"enabled":false,"date":"2026-05-04 20:35:19","action":"change-status","newStatus":"draft","terms":[],"taxonomy":"category","extraData":[]},"publishpress_future_workflow_manual_trigger":{"enabledWorkflows":[]},"_links":{"self":[{"href":"https:\/\/ultimato.com.br\/sites\/devocional-diaria\/wp-json\/wp\/v2\/posts\/10090","targetHints":{"allow":["GET"]}}],"collection":[{"href":"https:\/\/ultimato.com.br\/sites\/devocional-diaria\/wp-json\/wp\/v2\/posts"}],"about":[{"href":"https:\/\/ultimato.com.br\/sites\/devocional-diaria\/wp-json\/wp\/v2\/types\/post"}],"author":[{"embeddable":true,"href":"https:\/\/ultimato.com.br\/sites\/devocional-diaria\/wp-json\/wp\/v2\/users\/21"}],"replies":[{"embeddable":true,"href":"https:\/\/ultimato.com.br\/sites\/devocional-diaria\/wp-json\/wp\/v2\/comments?post=10090"}],"version-history":[{"count":1,"href":"https:\/\/ultimato.com.br\/sites\/devocional-diaria\/wp-json\/wp\/v2\/posts\/10090\/revisions"}],"predecessor-version":[{"id":10091,"href":"https:\/\/ultimato.com.br\/sites\/devocional-diaria\/wp-json\/wp\/v2\/posts\/10090\/revisions\/10091"}],"wp:featuredmedia":[{"embeddable":true,"href":"https:\/\/ultimato.com.br\/sites\/devocional-diaria\/wp-json\/wp\/v2\/media\/165"}],"wp:attachment":[{"href":"https:\/\/ultimato.com.br\/sites\/devocional-diaria\/wp-json\/wp\/v2\/media?parent=10090"}],"wp:term":[{"taxonomy":"category","embeddable":true,"href":"https:\/\/ultimato.com.br\/sites\/devocional-diaria\/wp-json\/wp\/v2\/categories?post=10090"},{"taxonomy":"post_tag","embeddable":true,"href":"https:\/\/ultimato.com.br\/sites\/devocional-diaria\/wp-json\/wp\/v2\/tags?post=10090"}],"curies":[{"name":"wp","href":"https:\/\/api.w.org\/{rel}","templated":true}]}}