{"id":10086,"date":"2022-11-19T00:00:05","date_gmt":"2022-11-19T02:00:05","guid":{"rendered":"https:\/\/ultimato.com.br\/sites\/devocional-diaria\/?p=10086"},"modified":"2022-11-11T17:59:11","modified_gmt":"2022-11-11T19:59:11","slug":"conhecendo-o-poder-de-deus-4","status":"publish","type":"post","link":"https:\/\/ultimato.com.br\/sites\/devocional-diaria\/2022\/11\/19\/autor\/john-stott\/conhecendo-o-poder-de-deus-4\/","title":{"rendered":"Conhecendo o poder de Deus"},"content":{"rendered":"<p>Oro tamb\u00e9m para que os olhos do cora\u00e7\u00e3o de voc\u00eas sejam iluminados, a fim de que voc\u00eas conhe\u00e7am [&#8230;] a incompar\u00e1vel grandeza do seu poder para conosco, os que cremos, conforme a atua\u00e7\u00e3o da sua poderosa for\u00e7a. Esse poder ele exerceu em Cristo, ressuscitando-o dos mortos. (Ef\u00e9sios 1.18-20)<\/p>\n<p>O primeiro cap\u00edtulo da Carta aos Ef\u00e9sios \u00e9 dividido em duas partes. Na primeira, Paulo bendiz a Deus por nos aben\u00e7oar em Cristo. Na segunda, ele ora para que Deus abra os nossos olhos para enxergarmos a plenitude dessa b\u00ean\u00e7\u00e3o. Louvor e ora\u00e7\u00e3o devem sempre andar juntos. Alguns crist\u00e3os oram apenas por novas b\u00ean\u00e7\u00e3os, e esquecem das b\u00ean\u00e7\u00e3os que j\u00e1 receberam. Outros enfatizam que j\u00e1 receberam todas as b\u00ean\u00e7\u00e3os espirituais em Cristo, e n\u00e3o se interessam por nenhuma outra. As duas posi\u00e7\u00f5es s\u00e3o desequilibradas.<\/p>\n<p>Paulo ora especificamente para que os ef\u00e9sios conhe\u00e7am (tanto atrav\u00e9s do entendimento como pela experi\u00eancia) a esperan\u00e7a do chamado de Deus, a gl\u00f3ria de sua heran\u00e7a e, enquanto isso, a grandeza do seu poder. \u00c9 no poder de Deus que o ap\u00f3stolo se concentra. Ele tem tanta certeza da sufici\u00eancia do poder de Deus que acumula palavras, falando sobre a energia do poder da sua for\u00e7a. E ele ora para que os ef\u00e9sios conhe\u00e7am a imensur\u00e1vel grandeza do seu poder. Como eles poderiam conhec\u00ea-lo? Porque Deus o demonstrou publicamente na ressurrei\u00e7\u00e3o, na glorifica\u00e7\u00e3o e na coroa\u00e7\u00e3o de Cristo. Esse grande poder, que Deus exerceu em Cristo, est\u00e1 agora dispon\u00edvel a n\u00f3s.<\/p>\n<p>O foco principal da ora\u00e7\u00e3o de Paulo \u00e9 que seus leitores possam ter um conhecimento completo do chamado, da heran\u00e7a e, especialmente, do poder de Deus. Mas como ele espera que sua ora\u00e7\u00e3o seja respondida? Primeiro, por meio da ilumina\u00e7\u00e3o do Esp\u00edrito Santo, que \u00e9 \u201co Esp\u00edrito de sabedoria e de revela\u00e7\u00e3o\u201d (v. 17) em nosso conhecimento de Cristo. E segundo, atrav\u00e9s da nossa reflex\u00e3o acerca da revela\u00e7\u00e3o objetiva do poder de Deus na ressurrei\u00e7\u00e3o e na exalta\u00e7\u00e3o de Jesus. Mais uma vez notamos a saud\u00e1vel combina\u00e7\u00e3o de Paulo entre objetivo e subjetivo, revela\u00e7\u00e3o e ilumina\u00e7\u00e3o, hist\u00f3ria e experi\u00eancia, Cristo e o Esp\u00edrito Santo.<\/p>\n<p>Para saber mais: Ef\u00e9sios 1.15-23<\/p>\n<p>&nbsp;<\/p>\n<p><strong>&gt;&gt; Retirado de\u00a0<em><a href=\"https:\/\/www.ultimato.com.br\/loja\/produtos\/a-biblia-toda-o-ano-todo-1\">A B\u00edblia Toda, o Ano Todo<\/a><\/em>\u00a0[John Stott]. Editora Ultimato.<\/strong><\/p>\n<p>Ou\u00e7a as nossas devocionais pelo <a href=\"https:\/\/open.spotify.com\/show\/7CG8DL9dgWZEgPzX3rnk51?si=1dbGejI2TQS16eamNjb2rA\">Spotify<\/a>!<\/p>\n","protected":false},"excerpt":{"rendered":"<p>Oro tamb\u00e9m para que os olhos do cora\u00e7\u00e3o de voc\u00eas sejam iluminados, a fim de que voc\u00eas conhe\u00e7am [&#8230;] a incompar\u00e1vel grandeza do seu poder para conosco, os que cremos, conforme a atua\u00e7\u00e3o da sua poderosa for\u00e7a. Esse poder ele exerceu em Cristo, ressuscitando-o dos mortos. (Ef\u00e9sios 1.18-20) O primeiro cap\u00edtulo da Carta aos Ef\u00e9sios [&hellip;]<\/p>\n","protected":false},"author":21,"featured_media":157,"comment_status":"open","ping_status":"open","sticky":false,"template":"","format":"standard","meta":{"ngg_post_thumbnail":0,"footnotes":""},"categories":[5668],"tags":[],"class_list":["post-10086","post","type-post","status-publish","format-standard","has-post-thumbnail","hentry","category-john-stott"],"publishpress_future_action":{"enabled":false,"date":"2026-05-04 20:35:19","action":"change-status","newStatus":"draft","terms":[],"taxonomy":"category","extraData":[]},"publishpress_future_workflow_manual_trigger":{"enabledWorkflows":[]},"_links":{"self":[{"href":"https:\/\/ultimato.com.br\/sites\/devocional-diaria\/wp-json\/wp\/v2\/posts\/10086","targetHints":{"allow":["GET"]}}],"collection":[{"href":"https:\/\/ultimato.com.br\/sites\/devocional-diaria\/wp-json\/wp\/v2\/posts"}],"about":[{"href":"https:\/\/ultimato.com.br\/sites\/devocional-diaria\/wp-json\/wp\/v2\/types\/post"}],"author":[{"embeddable":true,"href":"https:\/\/ultimato.com.br\/sites\/devocional-diaria\/wp-json\/wp\/v2\/users\/21"}],"replies":[{"embeddable":true,"href":"https:\/\/ultimato.com.br\/sites\/devocional-diaria\/wp-json\/wp\/v2\/comments?post=10086"}],"version-history":[{"count":1,"href":"https:\/\/ultimato.com.br\/sites\/devocional-diaria\/wp-json\/wp\/v2\/posts\/10086\/revisions"}],"predecessor-version":[{"id":10087,"href":"https:\/\/ultimato.com.br\/sites\/devocional-diaria\/wp-json\/wp\/v2\/posts\/10086\/revisions\/10087"}],"wp:featuredmedia":[{"embeddable":true,"href":"https:\/\/ultimato.com.br\/sites\/devocional-diaria\/wp-json\/wp\/v2\/media\/157"}],"wp:attachment":[{"href":"https:\/\/ultimato.com.br\/sites\/devocional-diaria\/wp-json\/wp\/v2\/media?parent=10086"}],"wp:term":[{"taxonomy":"category","embeddable":true,"href":"https:\/\/ultimato.com.br\/sites\/devocional-diaria\/wp-json\/wp\/v2\/categories?post=10086"},{"taxonomy":"post_tag","embeddable":true,"href":"https:\/\/ultimato.com.br\/sites\/devocional-diaria\/wp-json\/wp\/v2\/tags?post=10086"}],"curies":[{"name":"wp","href":"https:\/\/api.w.org\/{rel}","templated":true}]}}