{"id":10081,"date":"2022-11-17T00:00:44","date_gmt":"2022-11-17T02:00:44","guid":{"rendered":"https:\/\/ultimato.com.br\/sites\/devocional-diaria\/?p=10081"},"modified":"2022-11-09T17:15:12","modified_gmt":"2022-11-09T19:15:12","slug":"jesus-em-poder-e-muita-gloria","status":"publish","type":"post","link":"https:\/\/ultimato.com.br\/sites\/devocional-diaria\/2022\/11\/17\/autor\/elben-cesar\/jesus-em-poder-e-muita-gloria\/","title":{"rendered":"Jesus em poder e muita gl\u00f3ria\u00a0"},"content":{"rendered":"<p>N\u00e3o haver\u00e1 mais morte, nem tristeza, nem choro, nem dor. As coisas velhas j\u00e1 passaram. (Apocalipse \u00a0.4, NTLH)<\/p>\n<p>Agora n\u00e3o conseguimos enxergar a beleza toda de Jesus Cristo. Nem mesmo imaginar o deslumbramento da gl\u00f3ria presente e futura de Jesus, pois \u201colho nenhum viu, ouvido nenhum ouviu, mente ne\u00adnhuma imaginou o que Deus preparou para aqueles que o amam\u201d (1Co 2.9, NVI).<\/p>\n<p>Todavia, podemos ver muito mais do que estamos vendo no momen\u00adto. Para isso \u00e9 necess\u00e1rio pedir a Deus que levante a cortina e nos fa\u00e7a ver, pela f\u00e9, algumas imagens do que vai acontecer:<\/p>\n<p>O momento em que Jesus entregar o reino a Deus, o Pai, depois de ter destru\u00eddo todo dom\u00ednio (1Co 15.24);<\/p>\n<p>O momento em que Jesus acabar com o poder da morte e perguntar a ela: \u201cOnde est\u00e1, \u00f3 morte, a tua vit\u00f3ria?\u201d (1Co 15.55);<\/p>\n<p>O momento em que Jesus retirar da sepultura, do p\u00f3 da terra, das cinzas, das profundezas dos mares e do Hades os mortos que neles h\u00e1 (Ap 20-13);<\/p>\n<p>O momento em que Jesus fizer novas todas as coisas, enxugar todas as l\u00e1grimas e fizer desaparecer toda tristeza, todo choro e toda dor (Ap \u00a0.1-5).<\/p>\n<p>\u2014 Eu tamb\u00e9m verei a gl\u00f3ria vindoura e dela participarei! Aleluia!<strong>\u00a0<\/strong><\/p>\n<p><strong>\u00a0<\/strong><\/p>\n<p><strong>&gt;&gt; Retirado de\u00a0<em><a href=\"https:\/\/www.ultimato.com.br\/loja\/produtos\/refeicoes-diarias-com-jesus\">Refei\u00e7\u00f5es Di\u00e1rias com Jesus<\/a><\/em> [Elben C\u00e9sar]. Editora Ultimato.<\/strong><\/p>\n<p>Ou\u00e7a as nossas devocionais pelo <a href=\"https:\/\/open.spotify.com\/show\/7CG8DL9dgWZEgPzX3rnk51?si=1dbGejI2TQS16eamNjb2rA\">Spotify<\/a>!<\/p>\n","protected":false},"excerpt":{"rendered":"<p>N\u00e3o haver\u00e1 mais morte, nem tristeza, nem choro, nem dor. As coisas velhas j\u00e1 passaram. (Apocalipse \u00a0.4, NTLH) Agora n\u00e3o conseguimos enxergar a beleza toda de Jesus Cristo. Nem mesmo imaginar o deslumbramento da gl\u00f3ria presente e futura de Jesus, pois \u201colho nenhum viu, ouvido nenhum ouviu, mente ne\u00adnhuma imaginou o que Deus preparou para [&hellip;]<\/p>\n","protected":false},"author":21,"featured_media":162,"comment_status":"open","ping_status":"open","sticky":false,"template":"","format":"standard","meta":{"ngg_post_thumbnail":0,"footnotes":""},"categories":[5478],"tags":[],"class_list":["post-10081","post","type-post","status-publish","format-standard","has-post-thumbnail","hentry","category-elben-cesar"],"publishpress_future_action":{"enabled":false,"date":"2026-05-04 23:18:56","action":"change-status","newStatus":"draft","terms":[],"taxonomy":"category","extraData":[]},"publishpress_future_workflow_manual_trigger":{"enabledWorkflows":[]},"_links":{"self":[{"href":"https:\/\/ultimato.com.br\/sites\/devocional-diaria\/wp-json\/wp\/v2\/posts\/10081","targetHints":{"allow":["GET"]}}],"collection":[{"href":"https:\/\/ultimato.com.br\/sites\/devocional-diaria\/wp-json\/wp\/v2\/posts"}],"about":[{"href":"https:\/\/ultimato.com.br\/sites\/devocional-diaria\/wp-json\/wp\/v2\/types\/post"}],"author":[{"embeddable":true,"href":"https:\/\/ultimato.com.br\/sites\/devocional-diaria\/wp-json\/wp\/v2\/users\/21"}],"replies":[{"embeddable":true,"href":"https:\/\/ultimato.com.br\/sites\/devocional-diaria\/wp-json\/wp\/v2\/comments?post=10081"}],"version-history":[{"count":1,"href":"https:\/\/ultimato.com.br\/sites\/devocional-diaria\/wp-json\/wp\/v2\/posts\/10081\/revisions"}],"predecessor-version":[{"id":10082,"href":"https:\/\/ultimato.com.br\/sites\/devocional-diaria\/wp-json\/wp\/v2\/posts\/10081\/revisions\/10082"}],"wp:featuredmedia":[{"embeddable":true,"href":"https:\/\/ultimato.com.br\/sites\/devocional-diaria\/wp-json\/wp\/v2\/media\/162"}],"wp:attachment":[{"href":"https:\/\/ultimato.com.br\/sites\/devocional-diaria\/wp-json\/wp\/v2\/media?parent=10081"}],"wp:term":[{"taxonomy":"category","embeddable":true,"href":"https:\/\/ultimato.com.br\/sites\/devocional-diaria\/wp-json\/wp\/v2\/categories?post=10081"},{"taxonomy":"post_tag","embeddable":true,"href":"https:\/\/ultimato.com.br\/sites\/devocional-diaria\/wp-json\/wp\/v2\/tags?post=10081"}],"curies":[{"name":"wp","href":"https:\/\/api.w.org\/{rel}","templated":true}]}}