{"id":10079,"date":"2022-11-16T00:00:17","date_gmt":"2022-11-16T02:00:17","guid":{"rendered":"https:\/\/ultimato.com.br\/sites\/devocional-diaria\/?p=10079"},"modified":"2022-11-09T17:09:09","modified_gmt":"2022-11-09T19:09:09","slug":"o-sopro-do-espirito-2","status":"publish","type":"post","link":"https:\/\/ultimato.com.br\/sites\/devocional-diaria\/2022\/11\/16\/autor\/elben-cesar\/o-sopro-do-espirito-2\/","title":{"rendered":"O sopro do Esp\u00edrito\u00a0"},"content":{"rendered":"<p>Pois todos os que s\u00e3o guiados pelo Esp\u00edrito de Deus, estes s\u00e3o filhos de\u00a0Deus. (Rm 8.14)<\/p>\n<p>Cerca de 600 anos antes de Cristo, o profeta Habacuque, muito provavelmente\u00a0contempor\u00e2neo de Jeremias, fez esta famosa ora\u00e7\u00e3o: \u201cAviva a tua obra,\u00a0\u00f3 Senhor, no decorrer dos anos, e, no decurso dos anos, faze-a conhecida\u201d\u00a0(Hc 3.2).<\/p>\n<p>Avivamento \u00e9 isto, o sopro soberano de Deus para remover a poeira que\u00a0se acumula no decurso dos anos, no per\u00edodo de tempo compreendido entre\u00a0o \u00faltimo avivamento e o momento atual. N\u00e3o importa a quantidade e a qualidade\u00a0da poeira. \u00c9 uma obra de Deus, peri\u00f3dica e poderosa. O avivamento\u00a0recoloca a igreja em seu primeiro amor, produz convic\u00e7\u00e3o de pecado, santifica\u00a0e movimenta a igreja. Desperta o gosto e a disciplina das pr\u00e1ticas devocionais,\u00a0tais como a leitura proveitosa da B\u00edblia e a ora\u00e7\u00e3o. O avivamento leva a igreja\u00a0a redescobrir a pessoa e a obra do Esp\u00edrito Santo, para dele se servir outra\u00a0vez, como nos dias dos ap\u00f3stolos.<\/p>\n<p>Mesmo tendo um teor m\u00edstico muito acentuado, avivamento \u00e9 muito mais\u00a0que misticismo. \u00c9 o motor de coisas novas, de realiza\u00e7\u00f5es extraordin\u00e1rias\u00a0e de certa dura\u00e7\u00e3o, na \u00e1rea de educa\u00e7\u00e3o religiosa, na \u00e1rea de evangeliza\u00e7\u00e3o\u00a0e miss\u00f5es, na \u00e1rea de socorro ao sofrimento humano. For\u00e7osamente o avivamento\u00a0sempre gera preocupa\u00e7\u00e3o com os n\u00e3o alcan\u00e7ados pela prega\u00e7\u00e3o\u00a0do evangelho, com os n\u00e3o salvos pela gra\u00e7a de Deus e com os moralmente\u00a0marginalizados (os publicanos e meretrizes de ontem e de hoje). A hist\u00f3ria\u00a0dos avivamentos mostra que este sopro especial do Esp\u00edrito induz os crentes\u00a0a fazer obras de caridade e a levantar a sua voz contra a injusti\u00e7a social, seja\u00a0ela qual for e custe o pre\u00e7o que custar.<strong>\u00a0<\/strong><\/p>\n<p><strong>\u00a0<\/strong><\/p>\n<p><strong>&gt;&gt; Retirado de\u00a0<em><a href=\"https:\/\/www.ultimato.com.br\/loja\/produtos\/cuide-das-raizes-espere-pelos-frutos\">Cuide das Ra\u00edzes, Espere pelos Frutos<\/a><\/em>, [Elben C\u00e9sar]. Editora Ultimato.<\/strong><\/p>\n<p>Ou\u00e7a as nossas devocionais pelo <a href=\"https:\/\/open.spotify.com\/show\/7CG8DL9dgWZEgPzX3rnk51?si=1dbGejI2TQS16eamNjb2rA\">Spotify<\/a>!<\/p>\n","protected":false},"excerpt":{"rendered":"<p>Pois todos os que s\u00e3o guiados pelo Esp\u00edrito de Deus, estes s\u00e3o filhos de\u00a0Deus. (Rm 8.14) Cerca de 600 anos antes de Cristo, o profeta Habacuque, muito provavelmente\u00a0contempor\u00e2neo de Jeremias, fez esta famosa ora\u00e7\u00e3o: \u201cAviva a tua obra,\u00a0\u00f3 Senhor, no decorrer dos anos, e, no decurso dos anos, faze-a conhecida\u201d\u00a0(Hc 3.2). Avivamento \u00e9 isto, o [&hellip;]<\/p>\n","protected":false},"author":21,"featured_media":163,"comment_status":"open","ping_status":"open","sticky":false,"template":"","format":"standard","meta":{"ngg_post_thumbnail":0,"footnotes":""},"categories":[5478],"tags":[],"class_list":["post-10079","post","type-post","status-publish","format-standard","has-post-thumbnail","hentry","category-elben-cesar"],"publishpress_future_action":{"enabled":false,"date":"2026-05-05 00:56:48","action":"change-status","newStatus":"draft","terms":[],"taxonomy":"category","extraData":[]},"publishpress_future_workflow_manual_trigger":{"enabledWorkflows":[]},"_links":{"self":[{"href":"https:\/\/ultimato.com.br\/sites\/devocional-diaria\/wp-json\/wp\/v2\/posts\/10079","targetHints":{"allow":["GET"]}}],"collection":[{"href":"https:\/\/ultimato.com.br\/sites\/devocional-diaria\/wp-json\/wp\/v2\/posts"}],"about":[{"href":"https:\/\/ultimato.com.br\/sites\/devocional-diaria\/wp-json\/wp\/v2\/types\/post"}],"author":[{"embeddable":true,"href":"https:\/\/ultimato.com.br\/sites\/devocional-diaria\/wp-json\/wp\/v2\/users\/21"}],"replies":[{"embeddable":true,"href":"https:\/\/ultimato.com.br\/sites\/devocional-diaria\/wp-json\/wp\/v2\/comments?post=10079"}],"version-history":[{"count":1,"href":"https:\/\/ultimato.com.br\/sites\/devocional-diaria\/wp-json\/wp\/v2\/posts\/10079\/revisions"}],"predecessor-version":[{"id":10080,"href":"https:\/\/ultimato.com.br\/sites\/devocional-diaria\/wp-json\/wp\/v2\/posts\/10079\/revisions\/10080"}],"wp:featuredmedia":[{"embeddable":true,"href":"https:\/\/ultimato.com.br\/sites\/devocional-diaria\/wp-json\/wp\/v2\/media\/163"}],"wp:attachment":[{"href":"https:\/\/ultimato.com.br\/sites\/devocional-diaria\/wp-json\/wp\/v2\/media?parent=10079"}],"wp:term":[{"taxonomy":"category","embeddable":true,"href":"https:\/\/ultimato.com.br\/sites\/devocional-diaria\/wp-json\/wp\/v2\/categories?post=10079"},{"taxonomy":"post_tag","embeddable":true,"href":"https:\/\/ultimato.com.br\/sites\/devocional-diaria\/wp-json\/wp\/v2\/tags?post=10079"}],"curies":[{"name":"wp","href":"https:\/\/api.w.org\/{rel}","templated":true}]}}