{"id":10077,"date":"2022-11-15T00:00:51","date_gmt":"2022-11-15T02:00:51","guid":{"rendered":"https:\/\/ultimato.com.br\/sites\/devocional-diaria\/?p=10077"},"modified":"2022-11-09T17:05:36","modified_gmt":"2022-11-09T19:05:36","slug":"salvacao-por-meio-de-jesus","status":"publish","type":"post","link":"https:\/\/ultimato.com.br\/sites\/devocional-diaria\/2022\/11\/15\/autor\/elben-cesar\/salvacao-por-meio-de-jesus\/","title":{"rendered":"Salva\u00e7\u00e3o por meio de Jesus"},"content":{"rendered":"<p>A salva\u00e7\u00e3o s\u00f3 pode ser conseguida por meio dele. (4.12)<\/p>\n<p>N\u00e3o adianta correr para l\u00e1 e para c\u00e1, bater nesta ou naquela porta, escolher\u00a0entre os muitos deuses um capaz de salvar, viajar pelo mundo inteiro para\u00a0localizar esse salvador. Al\u00e9m de ser cansativo, demorado e complexo, esse\u00a0esfor\u00e7o \u00e9 in\u00fatil, porque a salva\u00e7\u00e3o s\u00f3 pode ser conseguida por meio de Jesus,\u00a0pois \u201cn\u00e3o h\u00e1 no mundo inteiro nenhum outro que Deus tenha [&#8230;] dado,\u00a0por meio do qual possamos ser salvos\u201d (4.12).<\/p>\n<p>Gra\u00e7as a Deus pela convic\u00e7\u00e3o de Pedro. Ele est\u00e1 absolutamente certo.\u00a0Jesus mesmo havia dito: \u201cEu sou o caminho, a verdade e a vida; ningu\u00e9m\u00a0pode chegar at\u00e9 o Pai <em>a n\u00e3o ser por mim<\/em>\u201d (Jo 14.6). As religi\u00f5es da \u00e9poca e\u00a0at\u00e9 mesmo os mestres de Israel pregavam a salva\u00e7\u00e3o por meio das obras, o\u00a0que n\u00e3o resolve o problema do pecado e da culpa. Paulo, mais tarde, seria\u00a0t\u00e3o categ\u00f3rico quanto Pedro: \u201cGratuitamente fostes salvos pela f\u00e9, n\u00e3o por\u00a0m\u00e9rito vosso, mas por dom de Deus; n\u00e3o pelas obras, para que ningu\u00e9m se\u00a0orgulhe\u201d (Ef 2.8-9, BP).<\/p>\n<p>Jos\u00e9 foi orientado a p\u00f4r no menino que Maria estava esperando o nome\u00a0de Jesus, que quer dizer \u201co Senhor salva\u201d, \u201cpois ele salvar\u00e1 o seu povo dos\u00a0pecados dele\u201d (Mt 1.\u00a0). Antes de a crian\u00e7a nascer, Zacarias, cheio do Esp\u00edrito\u00a0Santo, anunciou: \u201c[Deus] enviou para n\u00f3s um poderoso Salvador,\u00a0aquele que \u00e9 descendente do seu servo Davi\u201d (Lc 1.69). E quando Jesus\u00a0foi apresentado no templo, Sime\u00e3o pegou o menino no colo e exclamou:\u00a0\u201cAgora, Senhor, [\u2026] j\u00e1 podes deixar este teu servo partir em paz. Pois eu j\u00e1\u00a0vi com os meus pr\u00f3prios olhos a tua salva\u00e7\u00e3o, que preparaste na presen\u00e7a\u00a0de todos os povos\u201d (Lc 2.29-31).<strong>\u00a0<\/strong><\/p>\n<p><strong>\u00a0<\/strong><\/p>\n<p><strong>&gt;&gt; Retirado de\u00a0<em><a href=\"https:\/\/www.ultimato.com.br\/loja\/produtos\/refeicoes-diarias\">Refei\u00e7\u00f5es Di\u00e1rias \u2013 no partir do p\u00e3o e na ora\u00e7\u00e3o<\/a><\/em> [Elben C\u00e9sar]. Editora Ultimato.<\/strong><strong>\u00a0<\/strong><\/p>\n<p>Ou\u00e7a as nossas devocionais pelo <a href=\"https:\/\/open.spotify.com\/show\/7CG8DL9dgWZEgPzX3rnk51?si=1dbGejI2TQS16eamNjb2rA\">Spotify<\/a>!<\/p>\n","protected":false},"excerpt":{"rendered":"<p>A salva\u00e7\u00e3o s\u00f3 pode ser conseguida por meio dele. (4.12) N\u00e3o adianta correr para l\u00e1 e para c\u00e1, bater nesta ou naquela porta, escolher\u00a0entre os muitos deuses um capaz de salvar, viajar pelo mundo inteiro para\u00a0localizar esse salvador. Al\u00e9m de ser cansativo, demorado e complexo, esse\u00a0esfor\u00e7o \u00e9 in\u00fatil, porque a salva\u00e7\u00e3o s\u00f3 pode ser conseguida [&hellip;]<\/p>\n","protected":false},"author":21,"featured_media":164,"comment_status":"open","ping_status":"open","sticky":false,"template":"","format":"standard","meta":{"ngg_post_thumbnail":0,"footnotes":""},"categories":[5478],"tags":[],"class_list":["post-10077","post","type-post","status-publish","format-standard","has-post-thumbnail","hentry","category-elben-cesar"],"publishpress_future_action":{"enabled":false,"date":"2026-05-04 23:17:28","action":"change-status","newStatus":"draft","terms":[],"taxonomy":"category","extraData":[]},"publishpress_future_workflow_manual_trigger":{"enabledWorkflows":[]},"_links":{"self":[{"href":"https:\/\/ultimato.com.br\/sites\/devocional-diaria\/wp-json\/wp\/v2\/posts\/10077","targetHints":{"allow":["GET"]}}],"collection":[{"href":"https:\/\/ultimato.com.br\/sites\/devocional-diaria\/wp-json\/wp\/v2\/posts"}],"about":[{"href":"https:\/\/ultimato.com.br\/sites\/devocional-diaria\/wp-json\/wp\/v2\/types\/post"}],"author":[{"embeddable":true,"href":"https:\/\/ultimato.com.br\/sites\/devocional-diaria\/wp-json\/wp\/v2\/users\/21"}],"replies":[{"embeddable":true,"href":"https:\/\/ultimato.com.br\/sites\/devocional-diaria\/wp-json\/wp\/v2\/comments?post=10077"}],"version-history":[{"count":1,"href":"https:\/\/ultimato.com.br\/sites\/devocional-diaria\/wp-json\/wp\/v2\/posts\/10077\/revisions"}],"predecessor-version":[{"id":10078,"href":"https:\/\/ultimato.com.br\/sites\/devocional-diaria\/wp-json\/wp\/v2\/posts\/10077\/revisions\/10078"}],"wp:featuredmedia":[{"embeddable":true,"href":"https:\/\/ultimato.com.br\/sites\/devocional-diaria\/wp-json\/wp\/v2\/media\/164"}],"wp:attachment":[{"href":"https:\/\/ultimato.com.br\/sites\/devocional-diaria\/wp-json\/wp\/v2\/media?parent=10077"}],"wp:term":[{"taxonomy":"category","embeddable":true,"href":"https:\/\/ultimato.com.br\/sites\/devocional-diaria\/wp-json\/wp\/v2\/categories?post=10077"},{"taxonomy":"post_tag","embeddable":true,"href":"https:\/\/ultimato.com.br\/sites\/devocional-diaria\/wp-json\/wp\/v2\/tags?post=10077"}],"curies":[{"name":"wp","href":"https:\/\/api.w.org\/{rel}","templated":true}]}}