{"id":10073,"date":"2022-11-13T00:00:05","date_gmt":"2022-11-13T02:00:05","guid":{"rendered":"https:\/\/ultimato.com.br\/sites\/devocional-diaria\/?p=10073"},"modified":"2022-11-09T16:57:43","modified_gmt":"2022-11-09T18:57:43","slug":"passos-para-a-vitoria-sobre-os-medos","status":"publish","type":"post","link":"https:\/\/ultimato.com.br\/sites\/devocional-diaria\/2022\/11\/13\/autor\/stanley-jones\/passos-para-a-vitoria-sobre-os-medos\/","title":{"rendered":"Passos para a vit\u00f3ria sobre os medos"},"content":{"rendered":"<p>Salmos 27.14; 31.24<strong>\u00a0<\/strong><\/p>\n<p><em>Fale com algu\u00e9m sobre seus medos e ansiedades. <\/em>Escolha a pessoa com cuidado e fale\u00a0sobre o assunto todo. Digo \u201co assunto todo\u201d, pois \u00e0s vezes s\u00f3 falamos sobre o medo\u00a0secund\u00e1rio e deixamos de tocar no medo central. Temos receio desse medo central.\u00a0Pode ser um medo sobre o qual somos reticentes e que hesitamos em mencionar.\u00a0Por exemplo, o medo de ficarmos sem o c\u00f4njuge ou o medo de perder o amor do\u00a0c\u00f4njuge que temos agora. Ambos os medos s\u00e3o autodestrutivos; eles contribuem\u00a0para concretizar aquilo que se teme. Elimine esses e outros medos, expondo-os e\u00a0falando francamente sobre eles. Mas, depois de conversar com uma pessoa sobre\u00a0esses medos, n\u00e3o \u201cfique neles\u201d. Falar muito sobre eles acaba por agrav\u00e1-los. Eles\u00a0se tornam um complexo. Tendo relaxado e permitido que todo medo venha \u00e0\u00a0tona, se nada mais vier \u00e0 mente, tenha como certo que todos os seus medos foram\u00a0expostos. N\u00e3o tenha receio de n\u00e3o ter tratado de todos os seus medos.<\/p>\n<p><em>Defina um plano de a\u00e7\u00e3o. <\/em>Esses medos invadiram voc\u00ea; eles n\u00e3o fazem parte\u00a0de voc\u00ea; s\u00e3o estranhos, nada naturais, nada permanentes. Voc\u00ea permitiu que eles\u00a0entrassem e voc\u00ea, s\u00f3 voc\u00ea, pode decidir que eles saiam. O locutor de r\u00e1dio Vash\u00a0Young conta como fez uma autoan\u00e1lise e disse: \u201cD\u00ea uma olhada nos seus produtos.\u00a0Medo, preocupa\u00e7\u00e3o, impaci\u00eancia, raiva, d\u00favida. Sua f\u00e1brica \u00e9 uma amea\u00e7a para\u00a0voc\u00ea mesmo e uma chatea\u00e7\u00e3o para os outros\u201d.* Ele fez uma lista das qualidades que\u00a0pareciam duradouras \u2013 amor, coragem, alegria, atividade, compaix\u00e3o, amizade,\u00a0generosidade, toler\u00e2ncia, justi\u00e7a \u2013, nove palavras m\u00e1gicas (ali\u00e1s, todas qualidades\u00a0crist\u00e3s!), e decidiu substituir suas palavras velhas, purulentas e mortas por essas\u00a0novas palavras vivas e revigorantes. Logo ele j\u00e1 n\u00e3o perdia, como antes, o caf\u00e9 da\u00a0manh\u00e3, quando pensava em se encontrar com um cliente. Um de seus segredos\u00a0de vit\u00f3ria: \u201cTenho tentado, como regra, dedicar menos da metade do meu tempo\u00a0aos meus pr\u00f3prios assuntos\u201d.<\/p>\n<p>O importante neste passo \u00e9 que voc\u00ea, agora, est\u00e1 na ofensiva. Voc\u00ea j\u00e1 n\u00e3o est\u00e1\u00a0sendo invadido; voc\u00ea est\u00e1 saindo, sendo positivo. Voc\u00ea est\u00e1 come\u00e7ando a n\u00e3o mais\u00a0ter medo do medo, pois o v\u00ea pelo que ele \u00e9: um espantalho.<\/p>\n<p><em>\u00d3 Cristo, come\u00e7o a ver que meus medos s\u00e3o convidados indesej\u00e1veis \u2013 convidados que\u00a0assumiram o controle. E agora, por tua gra\u00e7a e teu poder, estou novamente no controle.\u00a0Tenho meus p\u00e9s no Caminho. Sou grato. Am\u00e9m.\u00a0<\/em><\/p>\n<p>Afirma\u00e7\u00e3o do dia: N\u00e3o terei pensamentos que me deixem com medo, n\u00e3o falarei\u00a0palavras que me deixem com medo, n\u00e3o cederei a atos que me deixem com medo.\u00a0Perten\u00e7o \u00e0 f\u00e9.<\/p>\n<p>* YOUNG, Vash. \u201cMy Conquest of Scarecrows\u201d, em <em>Reader\u2019s Digest<\/em>, v. 20-21 (1931). 11.<strong>\u00a0<\/strong><\/p>\n<p><strong>\u00a0<\/strong><\/p>\n<p><strong>&gt;&gt; Retirado de\u00a0<em><a href=\"https:\/\/www.ultimato.com.br\/loja\/produtos\/o-caminho\">O Caminho<\/a><\/em> [Stanley Jones]. Editora Ultimato.<\/strong><\/p>\n<p>Ou\u00e7a as nossas devocionais pelo <a href=\"https:\/\/open.spotify.com\/show\/7CG8DL9dgWZEgPzX3rnk51?si=1dbGejI2TQS16eamNjb2rA\">Spotify<\/a>!<\/p>\n","protected":false},"excerpt":{"rendered":"<p>Salmos 27.14; 31.24\u00a0 Fale com algu\u00e9m sobre seus medos e ansiedades. Escolha a pessoa com cuidado e fale\u00a0sobre o assunto todo. Digo \u201co assunto todo\u201d, pois \u00e0s vezes s\u00f3 falamos sobre o medo\u00a0secund\u00e1rio e deixamos de tocar no medo central. Temos receio desse medo central.\u00a0Pode ser um medo sobre o qual somos reticentes e que [&hellip;]<\/p>\n","protected":false},"author":21,"featured_media":166,"comment_status":"open","ping_status":"open","sticky":false,"template":"","format":"standard","meta":{"ngg_post_thumbnail":0,"footnotes":""},"categories":[40852],"tags":[],"class_list":["post-10073","post","type-post","status-publish","format-standard","has-post-thumbnail","hentry","category-stanley-jones"],"publishpress_future_action":{"enabled":false,"date":"2026-05-04 20:36:22","action":"change-status","newStatus":"draft","terms":[],"taxonomy":"category","extraData":[]},"publishpress_future_workflow_manual_trigger":{"enabledWorkflows":[]},"_links":{"self":[{"href":"https:\/\/ultimato.com.br\/sites\/devocional-diaria\/wp-json\/wp\/v2\/posts\/10073","targetHints":{"allow":["GET"]}}],"collection":[{"href":"https:\/\/ultimato.com.br\/sites\/devocional-diaria\/wp-json\/wp\/v2\/posts"}],"about":[{"href":"https:\/\/ultimato.com.br\/sites\/devocional-diaria\/wp-json\/wp\/v2\/types\/post"}],"author":[{"embeddable":true,"href":"https:\/\/ultimato.com.br\/sites\/devocional-diaria\/wp-json\/wp\/v2\/users\/21"}],"replies":[{"embeddable":true,"href":"https:\/\/ultimato.com.br\/sites\/devocional-diaria\/wp-json\/wp\/v2\/comments?post=10073"}],"version-history":[{"count":1,"href":"https:\/\/ultimato.com.br\/sites\/devocional-diaria\/wp-json\/wp\/v2\/posts\/10073\/revisions"}],"predecessor-version":[{"id":10074,"href":"https:\/\/ultimato.com.br\/sites\/devocional-diaria\/wp-json\/wp\/v2\/posts\/10073\/revisions\/10074"}],"wp:featuredmedia":[{"embeddable":true,"href":"https:\/\/ultimato.com.br\/sites\/devocional-diaria\/wp-json\/wp\/v2\/media\/166"}],"wp:attachment":[{"href":"https:\/\/ultimato.com.br\/sites\/devocional-diaria\/wp-json\/wp\/v2\/media?parent=10073"}],"wp:term":[{"taxonomy":"category","embeddable":true,"href":"https:\/\/ultimato.com.br\/sites\/devocional-diaria\/wp-json\/wp\/v2\/categories?post=10073"},{"taxonomy":"post_tag","embeddable":true,"href":"https:\/\/ultimato.com.br\/sites\/devocional-diaria\/wp-json\/wp\/v2\/tags?post=10073"}],"curies":[{"name":"wp","href":"https:\/\/api.w.org\/{rel}","templated":true}]}}