{"id":10066,"date":"2022-11-10T00:00:40","date_gmt":"2022-11-10T02:00:40","guid":{"rendered":"https:\/\/ultimato.com.br\/sites\/devocional-diaria\/?p=10066"},"modified":"2022-10-27T18:42:40","modified_gmt":"2022-10-27T20:42:40","slug":"jesus-a-cabeca","status":"publish","type":"post","link":"https:\/\/ultimato.com.br\/sites\/devocional-diaria\/2022\/11\/10\/autor\/elben-cesar\/jesus-a-cabeca\/","title":{"rendered":"Jesus, a cabe\u00e7a\u00a0"},"content":{"rendered":"<p>A Igreja \u00e9 o corpo de Cristo; ela completa Cristo, o qual completa todas as coisas em todos os lugares. (Ef\u00e9sios 1.23, NTLH)<\/p>\n<p>A cabe\u00e7a \u00e9 menor do que o peito, menor do que o ventre, menor do que os membros superiores e inferiores. Mas \u00e9 de uma import\u00e2ncia enorme. Perde-se o ap\u00eandice, o est\u00f4mago, os intestinos, os rins, a pr\u00f3stata, o ov\u00e1rio, os bra\u00e7os e as pernas. Por\u00e9m, n\u00e3o se vive sem a cabe\u00e7a. L\u00e1 est\u00e3o o enc\u00e9falo, a boca e os principais \u00f3rg\u00e3os dos sentidos (olhos, ouvidos, nariz, l\u00edngua). A morte pode come\u00e7ar no cora\u00e7\u00e3o, mas se completa no c\u00e9rebro (morte cerebral).<\/p>\n<p>Tudo isso nos ajuda a entender a analogia usada por Paulo para mostrar a depend\u00eancia e a necess\u00e1ria submiss\u00e3o dos crentes a Jesus Cristo. Ele \u00e9 a cabe\u00e7a da igreja e a igreja \u00e9 o seu corpo. O ap\u00f3stolo trata desse assunto com muita clareza: \u201cO marido \u00e9 a cabe\u00e7a da mulher, como tamb\u00e9m Cristo \u00e9 a cabe\u00e7a da igreja, que \u00e9 o seu corpo, do qual ele \u00e9 o Salvador\u201d (Ef 5.23, NVI). Nessa mesma Ep\u00edstola, ele ordena: \u201cCres\u00e7amos em tudo at\u00e9 alcan\u00e7armos a altura espiritual de Cristo, que \u00e9 a cabe\u00e7a\u201d (Ef 4.15). Al\u00e9m de ser a imagem do Deus invis\u00edvel e o primog\u00eanito de toda a cria\u00e7\u00e3o, Jesus \u201c\u00e9 a cabe\u00e7a do corpo, que \u00e9 a igreja\u201d (Cl 1.18).<\/p>\n<p>\u2014 Sou membro do Corpo de Cristo e ele \u00e9 a cabe\u00e7a desse corpo.<strong>\u00a0<\/strong><\/p>\n<p><strong>\u00a0<\/strong><\/p>\n<p><strong>&gt;&gt; Retirado de\u00a0<em><a href=\"https:\/\/www.ultimato.com.br\/loja\/produtos\/refeicoes-diarias-com-jesus\">Refei\u00e7\u00f5es Di\u00e1rias com Jesus<\/a><\/em> [Elben C\u00e9sar]. Editora Ultimato.<\/strong><\/p>\n<p>Ou\u00e7a as nossas devocionais pelo <a href=\"https:\/\/open.spotify.com\/show\/7CG8DL9dgWZEgPzX3rnk51?si=1dbGejI2TQS16eamNjb2rA\">Spotify<\/a>!<\/p>\n","protected":false},"excerpt":{"rendered":"<p>A Igreja \u00e9 o corpo de Cristo; ela completa Cristo, o qual completa todas as coisas em todos os lugares. (Ef\u00e9sios 1.23, NTLH) A cabe\u00e7a \u00e9 menor do que o peito, menor do que o ventre, menor do que os membros superiores e inferiores. Mas \u00e9 de uma import\u00e2ncia enorme. Perde-se o ap\u00eandice, o est\u00f4mago, [&hellip;]<\/p>\n","protected":false},"author":21,"featured_media":162,"comment_status":"open","ping_status":"open","sticky":false,"template":"","format":"standard","meta":{"ngg_post_thumbnail":0,"footnotes":""},"categories":[5478],"tags":[],"class_list":["post-10066","post","type-post","status-publish","format-standard","has-post-thumbnail","hentry","category-elben-cesar"],"publishpress_future_action":{"enabled":false,"date":"2026-05-05 02:21:08","action":"change-status","newStatus":"draft","terms":[],"taxonomy":"category","extraData":[]},"publishpress_future_workflow_manual_trigger":{"enabledWorkflows":[]},"_links":{"self":[{"href":"https:\/\/ultimato.com.br\/sites\/devocional-diaria\/wp-json\/wp\/v2\/posts\/10066","targetHints":{"allow":["GET"]}}],"collection":[{"href":"https:\/\/ultimato.com.br\/sites\/devocional-diaria\/wp-json\/wp\/v2\/posts"}],"about":[{"href":"https:\/\/ultimato.com.br\/sites\/devocional-diaria\/wp-json\/wp\/v2\/types\/post"}],"author":[{"embeddable":true,"href":"https:\/\/ultimato.com.br\/sites\/devocional-diaria\/wp-json\/wp\/v2\/users\/21"}],"replies":[{"embeddable":true,"href":"https:\/\/ultimato.com.br\/sites\/devocional-diaria\/wp-json\/wp\/v2\/comments?post=10066"}],"version-history":[{"count":1,"href":"https:\/\/ultimato.com.br\/sites\/devocional-diaria\/wp-json\/wp\/v2\/posts\/10066\/revisions"}],"predecessor-version":[{"id":10067,"href":"https:\/\/ultimato.com.br\/sites\/devocional-diaria\/wp-json\/wp\/v2\/posts\/10066\/revisions\/10067"}],"wp:featuredmedia":[{"embeddable":true,"href":"https:\/\/ultimato.com.br\/sites\/devocional-diaria\/wp-json\/wp\/v2\/media\/162"}],"wp:attachment":[{"href":"https:\/\/ultimato.com.br\/sites\/devocional-diaria\/wp-json\/wp\/v2\/media?parent=10066"}],"wp:term":[{"taxonomy":"category","embeddable":true,"href":"https:\/\/ultimato.com.br\/sites\/devocional-diaria\/wp-json\/wp\/v2\/categories?post=10066"},{"taxonomy":"post_tag","embeddable":true,"href":"https:\/\/ultimato.com.br\/sites\/devocional-diaria\/wp-json\/wp\/v2\/tags?post=10066"}],"curies":[{"name":"wp","href":"https:\/\/api.w.org\/{rel}","templated":true}]}}