{"id":10062,"date":"2022-11-08T00:00:19","date_gmt":"2022-11-08T02:00:19","guid":{"rendered":"https:\/\/ultimato.com.br\/sites\/devocional-diaria\/?p=10062"},"modified":"2022-10-27T18:14:13","modified_gmt":"2022-10-27T20:14:13","slug":"o-amor-de-deus-e-o-chao-da-alma","status":"publish","type":"post","link":"https:\/\/ultimato.com.br\/sites\/devocional-diaria\/2022\/11\/08\/autor\/christian-gillis\/o-amor-de-deus-e-o-chao-da-alma\/","title":{"rendered":"O amor de Deus \u00e9 o ch\u00e3o da alma"},"content":{"rendered":"<p>Deus demonstra seu amor por n\u00f3s: Cristo morreu em nosso favor quando ainda \u00e9ramos pecadores. (Romanos 5.8)<\/p>\n<p>O ch\u00e3o para nossa alma \u00e9 a certeza do amor absoluto, leal, constante e fiel\u00a0de Deus. O amor de Deus n\u00e3o muda, n\u00e3o \u00e9 inconstante. O amor de Deus est\u00e1\u00a0baseado em si mesmo, na escolha eterna que ele faz para ser ele mesmo:\u00a0o Deus que ama. O amor de Deus n\u00e3o est\u00e1 condicionado pelo que fazemos ou\u00a0deixamos de fazer, seja bom, seja mau. N\u00e3o est\u00e1 vinculado a nossos m\u00e9ritos que\u00a0projetamos para Deus. Muitos imaginam que Deus s\u00f3 ama quando fazemos\u00a0algo bom. Embora Deus abomine o pecado, e sua ira se acenda quando sua\u00a0santidade \u00e9 ferida, diante dele resplandece permanentemente o estandarte\u00a0com a figura de um cordeiro imaculado imolado. A Escritura revela que Deus\u00a0nos ama de modo total, independentemente de nossos m\u00e9ritos. Deus nos\u00a0amou de tal maneira e morreu por todos sendo n\u00f3s ainda pecadores.<\/p>\n<p>A hist\u00f3ria de Jesus, sua vida e obra, tamb\u00e9m revela o amor de Deus: \u00e9 um\u00a0amor que age, que vai na dire\u00e7\u00e3o do necessitado, que oferta o que tem para\u00a0ajudar, que restabelece a vida.<\/p>\n<p>Aquele que experimenta a do\u00e7ura do amor celeste, aquele que \u00e9 tocado\u00a0pelo amor de Deus nos por\u00f5es do cora\u00e7\u00e3o \u00e9 liberto da perspectiva de vida\u00a0separada de Deus. O encontro com o amor de Deus reorienta toda a \u00f3rbita\u00a0da exist\u00eancia humana. O amor divino \u00e9 a for\u00e7a gravitacional que atrai nossa\u00a0alma \u00e0quilo para o qual ela foi criada.<\/p>\n<p>\u00c9 preciso sermos tomados por esse amor divino para sermos libertos de\u00a0projetos existenciais med\u00edocres. \u00c9 preciso experimentarmos o amor de Deus\u00a0para sermos renovados como pessoas. \u00c9 preciso deixar a mente conhecer esse\u00a0amor que excede todo entendimento para desfrutarmos da plenitude de Deus.<\/p>\n<p>Senhor, gra\u00e7as te dou porque teu amor independe de mim. Muito obrigado porque\u00a0o ch\u00e3o de minha alma \u00e9 firme em teu amor. Todos os dias de minha vida, liberta-me\u00a0de mim e enche-me cada vez mais de ti. Am\u00e9m.<strong>\u00a0<\/strong><\/p>\n<p><strong>\u00a0<\/strong><\/p>\n<p><strong>&gt;&gt; Retirado de\u00a0<em><a href=\"https:\/\/www.ultimato.com.br\/loja\/produtos\/refeicoes-diarias-celebrando-a-reconciliacao\">Refei\u00e7\u00f5es Di\u00e1rias \u2013 Celebrando a Reconcilia\u00e7\u00e3o<\/a><\/em>. Editora Ultimato.<\/strong><\/p>\n<p>Ou\u00e7a as nossas devocionais pelo <a href=\"https:\/\/open.spotify.com\/show\/7CG8DL9dgWZEgPzX3rnk51?si=1dbGejI2TQS16eamNjb2rA\">Spotify<\/a>!<\/p>\n","protected":false},"excerpt":{"rendered":"<p>Deus demonstra seu amor por n\u00f3s: Cristo morreu em nosso favor quando ainda \u00e9ramos pecadores. (Romanos 5.8) O ch\u00e3o para nossa alma \u00e9 a certeza do amor absoluto, leal, constante e fiel\u00a0de Deus. O amor de Deus n\u00e3o muda, n\u00e3o \u00e9 inconstante. O amor de Deus est\u00e1\u00a0baseado em si mesmo, na escolha eterna que ele [&hellip;]<\/p>\n","protected":false},"author":21,"featured_media":164,"comment_status":"open","ping_status":"open","sticky":false,"template":"","format":"standard","meta":{"ngg_post_thumbnail":0,"footnotes":""},"categories":[40862],"tags":[],"class_list":["post-10062","post","type-post","status-publish","format-standard","has-post-thumbnail","hentry","category-christian-gillis"],"publishpress_future_action":{"enabled":false,"date":"2026-05-04 23:18:49","action":"change-status","newStatus":"draft","terms":[],"taxonomy":"category","extraData":[]},"publishpress_future_workflow_manual_trigger":{"enabledWorkflows":[]},"_links":{"self":[{"href":"https:\/\/ultimato.com.br\/sites\/devocional-diaria\/wp-json\/wp\/v2\/posts\/10062","targetHints":{"allow":["GET"]}}],"collection":[{"href":"https:\/\/ultimato.com.br\/sites\/devocional-diaria\/wp-json\/wp\/v2\/posts"}],"about":[{"href":"https:\/\/ultimato.com.br\/sites\/devocional-diaria\/wp-json\/wp\/v2\/types\/post"}],"author":[{"embeddable":true,"href":"https:\/\/ultimato.com.br\/sites\/devocional-diaria\/wp-json\/wp\/v2\/users\/21"}],"replies":[{"embeddable":true,"href":"https:\/\/ultimato.com.br\/sites\/devocional-diaria\/wp-json\/wp\/v2\/comments?post=10062"}],"version-history":[{"count":1,"href":"https:\/\/ultimato.com.br\/sites\/devocional-diaria\/wp-json\/wp\/v2\/posts\/10062\/revisions"}],"predecessor-version":[{"id":10063,"href":"https:\/\/ultimato.com.br\/sites\/devocional-diaria\/wp-json\/wp\/v2\/posts\/10062\/revisions\/10063"}],"wp:featuredmedia":[{"embeddable":true,"href":"https:\/\/ultimato.com.br\/sites\/devocional-diaria\/wp-json\/wp\/v2\/media\/164"}],"wp:attachment":[{"href":"https:\/\/ultimato.com.br\/sites\/devocional-diaria\/wp-json\/wp\/v2\/media?parent=10062"}],"wp:term":[{"taxonomy":"category","embeddable":true,"href":"https:\/\/ultimato.com.br\/sites\/devocional-diaria\/wp-json\/wp\/v2\/categories?post=10062"},{"taxonomy":"post_tag","embeddable":true,"href":"https:\/\/ultimato.com.br\/sites\/devocional-diaria\/wp-json\/wp\/v2\/tags?post=10062"}],"curies":[{"name":"wp","href":"https:\/\/api.w.org\/{rel}","templated":true}]}}