{"id":10058,"date":"2022-11-06T00:00:09","date_gmt":"2022-11-06T02:00:09","guid":{"rendered":"https:\/\/ultimato.com.br\/sites\/devocional-diaria\/?p=10058"},"modified":"2022-10-27T18:07:02","modified_gmt":"2022-10-27T20:07:02","slug":"como-surge-o-mal","status":"publish","type":"post","link":"https:\/\/ultimato.com.br\/sites\/devocional-diaria\/2022\/11\/06\/autor\/stanley-jones\/como-surge-o-mal\/","title":{"rendered":"Como surge o mal?"},"content":{"rendered":"<p>Mateus 15.19; Tiago 4.1<\/p>\n<p>Observe esta passagem: \u201cPurifiquemo-nos de tudo o que contamina o corpo e o\u00a0esp\u00edrito\u201d (2Co 7.1). Se o pecado fosse natural, por que contaminaria? Ele deveria\u00a0aperfei\u00e7oar. O fato de que ele contamina mostra que \u00e9 estranho, n\u00e3o pertence \u00e0\u00a0natureza humana, \u00e9 alheio.<\/p>\n<p>Se isso \u00e9 verdade, como surge o mal? Se n\u00e3o \u00e9 inerente a n\u00f3s por natureza,\u00a0ent\u00e3o como ele se forma? Podemos encontrar a pista nestas palavras: \u201c[O pecado]\u00a0produziu morte em mim por meio do que era bom\u201d (Rm 7.13). O mal sempre usa\u00a0algo bom; \u00e9 a pervers\u00e3o do bem.<\/p>\n<p>Tiago d\u00e1-nos a imagem mais clara disso quando diz: \u201cQuando algu\u00e9m for tentado,\u00a0jamais dever\u00e1 dizer: \u2018Estou sendo tentado por Deus\u2019. Pois Deus n\u00e3o pode ser\u00a0tentado pelo mal, e a ningu\u00e9m tenta. Cada um, por\u00e9m, \u00e9 tentado pelo pr\u00f3prio mau\u00a0desejo, sendo por este arrastado e seduzido. Ent\u00e3o esse desejo, tendo concebido,\u00a0d\u00e1 \u00e0 luz o pecado, e o pecado, ap\u00f3s ter se consumado, gera a morte\u201d (Tg 1.13-15).<\/p>\n<p>Aqui est\u00e3o os passos: o \u201cdesejo\u201d simples, natural, normal \u201carrasta\u201d, \u201cseduz\u201d,\u00a0passa de seu estado natural para estados n\u00e3o naturais, viola as leis escritas em seu\u00a0pr\u00f3prio fundamento. Ent\u00e3o ele se torna o Desejo com \u201cD\u201d mai\u00fasculo e passa a\u00a0ser dominante. Em vez de desejar se submeter e obedecer \u00e0 vontade de Deus, ele\u00a0se torna Deus; soletra-se Desejo. Ele nos governa, nos d\u00e1 ordens. Isso d\u00e1 \u00e0 luz o\u00a0Pecado. O Desejo tornou-se Pecado, tamb\u00e9m escrito com P mai\u00fasculo; ele \u00e9 Deus.\u00a0Ent\u00e3o, \u201c[o Pecado], ap\u00f3s ter se consumado, gera a Morte\u201d.<\/p>\n<p>Eis os passos: (1) o desejo se torna Desejo; (2) o Desejo se torna Pecado; (3) o\u00a0Pecado se torna Morte. O desejo simples \u00e9 dado por Deus e \u00e9 natural e correto. Mas\u00a0o desejo pode fugir do controle de Deus e se tornar o Desejo. Ele nos controla. \u00c9 o\u00a0senhor; n\u00f3s lhe obedecemos. O resultado disso \u00e9 o Pecado e a consequente Morte,\u00a0n\u00e3o apenas a morte f\u00edsica, mas a Morte da pessoa como um todo. Se o Pecado \u00e9\u00a0natural, por que ele d\u00e1 \u00e0 luz a Morte? Se vivermos de acordo com nossa pr\u00f3pria\u00a0natureza \u00e9 algo que d\u00e1 \u00e0 luz a Morte, ent\u00e3o fomos feitos de forma estranha. Al\u00e9m\u00a0disso, se o pecado \u00e9 natural, por que somos punidos por vivermos de acordo com\u00a0nossa natureza? Onde est\u00e1 a justi\u00e7a?<\/p>\n<p><em>\u00d3 Deus, como aquilo que me destr\u00f3i poderia ser natural para mim? Sei, no mais \u00edntimo\u00a0de meu ser, que quando peco, este n\u00e3o \u00e9 o Caminho. Violo todas as leis de meu ser, e sei\u00a0disso. Ajuda-me. Am\u00e9m.\u00a0<\/em><\/p>\n<p>Afirma\u00e7\u00e3o do dia: Fora de Deus, n\u00e3o h\u00e1 nada al\u00e9m de morte.<strong>\u00a0<\/strong><\/p>\n<p><strong>\u00a0<\/strong><\/p>\n<p><strong>&gt;&gt; Retirado de\u00a0<em><a href=\"https:\/\/www.ultimato.com.br\/loja\/produtos\/o-caminho\">O Caminho<\/a><\/em> [Stanley Jones]. Editora Ultimato.<\/strong><\/p>\n<p>Ou\u00e7a as nossas devocionais pelo <a href=\"https:\/\/open.spotify.com\/show\/7CG8DL9dgWZEgPzX3rnk51?si=1dbGejI2TQS16eamNjb2rA\">Spotify<\/a>!<\/p>\n","protected":false},"excerpt":{"rendered":"<p>Mateus 15.19; Tiago 4.1 Observe esta passagem: \u201cPurifiquemo-nos de tudo o que contamina o corpo e o\u00a0esp\u00edrito\u201d (2Co 7.1). Se o pecado fosse natural, por que contaminaria? Ele deveria\u00a0aperfei\u00e7oar. O fato de que ele contamina mostra que \u00e9 estranho, n\u00e3o pertence \u00e0\u00a0natureza humana, \u00e9 alheio. Se isso \u00e9 verdade, como surge o mal? Se n\u00e3o [&hellip;]<\/p>\n","protected":false},"author":21,"featured_media":166,"comment_status":"open","ping_status":"open","sticky":false,"template":"","format":"standard","meta":{"ngg_post_thumbnail":0,"footnotes":""},"categories":[40852],"tags":[],"class_list":["post-10058","post","type-post","status-publish","format-standard","has-post-thumbnail","hentry","category-stanley-jones"],"publishpress_future_action":{"enabled":false,"date":"2026-05-04 12:12:13","action":"change-status","newStatus":"draft","terms":[],"taxonomy":"category","extraData":[]},"publishpress_future_workflow_manual_trigger":{"enabledWorkflows":[]},"_links":{"self":[{"href":"https:\/\/ultimato.com.br\/sites\/devocional-diaria\/wp-json\/wp\/v2\/posts\/10058","targetHints":{"allow":["GET"]}}],"collection":[{"href":"https:\/\/ultimato.com.br\/sites\/devocional-diaria\/wp-json\/wp\/v2\/posts"}],"about":[{"href":"https:\/\/ultimato.com.br\/sites\/devocional-diaria\/wp-json\/wp\/v2\/types\/post"}],"author":[{"embeddable":true,"href":"https:\/\/ultimato.com.br\/sites\/devocional-diaria\/wp-json\/wp\/v2\/users\/21"}],"replies":[{"embeddable":true,"href":"https:\/\/ultimato.com.br\/sites\/devocional-diaria\/wp-json\/wp\/v2\/comments?post=10058"}],"version-history":[{"count":1,"href":"https:\/\/ultimato.com.br\/sites\/devocional-diaria\/wp-json\/wp\/v2\/posts\/10058\/revisions"}],"predecessor-version":[{"id":10059,"href":"https:\/\/ultimato.com.br\/sites\/devocional-diaria\/wp-json\/wp\/v2\/posts\/10058\/revisions\/10059"}],"wp:featuredmedia":[{"embeddable":true,"href":"https:\/\/ultimato.com.br\/sites\/devocional-diaria\/wp-json\/wp\/v2\/media\/166"}],"wp:attachment":[{"href":"https:\/\/ultimato.com.br\/sites\/devocional-diaria\/wp-json\/wp\/v2\/media?parent=10058"}],"wp:term":[{"taxonomy":"category","embeddable":true,"href":"https:\/\/ultimato.com.br\/sites\/devocional-diaria\/wp-json\/wp\/v2\/categories?post=10058"},{"taxonomy":"post_tag","embeddable":true,"href":"https:\/\/ultimato.com.br\/sites\/devocional-diaria\/wp-json\/wp\/v2\/tags?post=10058"}],"curies":[{"name":"wp","href":"https:\/\/api.w.org\/{rel}","templated":true}]}}