{"id":10054,"date":"2022-11-04T00:00:55","date_gmt":"2022-11-04T02:00:55","guid":{"rendered":"https:\/\/ultimato.com.br\/sites\/devocional-diaria\/?p=10054"},"modified":"2022-10-27T17:59:37","modified_gmt":"2022-10-27T19:59:37","slug":"o-resultado-da-fe-4","status":"publish","type":"post","link":"https:\/\/ultimato.com.br\/sites\/devocional-diaria\/2022\/11\/04\/autor\/elben-cesar\/o-resultado-da-fe-4\/","title":{"rendered":"O resultado da f\u00e9"},"content":{"rendered":"<p>Voc\u00eas t\u00eam essa alegria porque est\u00e3o recebendo a sua salva\u00e7\u00e3o, que \u00e9 o resultado da\u00a0f\u00e9 que possuem. (1Pe 1.9)<\/p>\n<p>A prega\u00e7\u00e3o da salva\u00e7\u00e3o por meio da f\u00e9 come\u00e7a com o vers\u00edculo mais traduzido\u00a0e mais conhecido da B\u00edblia: \u201cDeus amou tanto o mundo que deu seu Filho,\u00a0seu \u00fanico filho, pela seguinte raz\u00e3o: para que ningu\u00e9m precise ser condenado;\u00a0para que todos, crendo nele, possam ter vida plena e eterna. Deus n\u00e3o se deu\u00a0ao trabalho de enviar seu Filho apenas para poder apontar um dedo acusador\u00a0e dizer \u00e0 humanidade como ela \u00e9 m\u00e1\u201d (Jo 3.16-17, AM). E passa por aquela\u00a0passagem central da Carta aos Ef\u00e9sios: \u201cTanto neste mundo como no pr\u00f3ximo,\u00a0ele quis derramar sobre n\u00f3s gra\u00e7a e bondade, em Cristo Jesus. A salva\u00e7\u00e3o foi\u00a0ideia e obra dele. Nossa parte em tudo isso \u00e9 apenas confiar nele o bastante\u00a0para permitir que ele aja em nossa vida. \u00c9 um imenso presente de Deus!\u201d\u00a0(Ef 2.7-8, AM). E descamba na palavra de Paulo: \u201cAssim percebemos que a\u00a0pessoa \u00e9 aceita por Deus pela f\u00e9 e n\u00e3o por fazer o que a lei manda\u201d (Rm 3.28).<\/p>\n<p>Tendo tudo isso em mente, n\u00e3o achamos nada estranho na resposta certa\u00a0e incisiva dada por Paulo ao carcereiro de Filipos quando ele perguntou o que\u00a0deveria fazer para ser salvo: \u201cCreia no Senhor Jesus e voc\u00ea ser\u00e1 salvo \u2013 voc\u00ea e\u00a0as pessoas da sua casa\u201d (At 16.31).<\/p>\n<p>A salva\u00e7\u00e3o pela gra\u00e7a mediante a f\u00e9 n\u00e3o \u00e9 uma prega\u00e7\u00e3o exclusiva de Paulo.\u00a0\u00c9 de todos os ap\u00f3stolos. Da\u00ed a palavra de Pedro aos fi\u00e9is da Di\u00e1spora: \u201cVoc\u00eas\u00a0t\u00eam essa alegria porque est\u00e3o recebendo a sua salva\u00e7\u00e3o, que \u00e9 o resultado da\u00a0f\u00e9 que possuem\u201d (1.9). Em outras palavras, o objetivo, a meta, o bom termo,\u00a0o fim, o alvo, a recompensa final da f\u00e9 \u2013 \u00e9 a salva\u00e7\u00e3o.<\/p>\n<p>Quando o alto funcion\u00e1rio do governo da Eti\u00f3pia perguntou se poderia ser\u00a0batizado como crist\u00e3o, Filipe respondeu de pronto: \u201cSe o senhor cr\u00ea de todo\u00a0o cora\u00e7\u00e3o, \u00e9 claro que pode\u201d (At 8.36-37). O et\u00edope cria na morte vic\u00e1ria de\u00a0Jesus e em sua ressurrei\u00e7\u00e3o. Era o bastante!<\/p>\n<p>Gra\u00e7as a Deus pela salva\u00e7\u00e3o, ideia e obra dele mesmo!<strong>\u00a0<\/strong><\/p>\n<p><strong>\u00a0<\/strong><\/p>\n<p><strong>&gt;&gt; Retirado de\u00a0<em><a href=\"https:\/\/www.ultimato.com.br\/loja\/produtos\/refeicoes-diarias-com-os-discipulos\">Refei\u00e7\u00f5es Di\u00e1rias com os Disc\u00edpulos<\/a><\/em> [Elben C\u00e9sar]. Editora Ultimato.<\/strong><strong>\u00a0<\/strong><\/p>\n<p>Ou\u00e7a as nossas devocionais pelo <a href=\"https:\/\/open.spotify.com\/show\/7CG8DL9dgWZEgPzX3rnk51?si=1dbGejI2TQS16eamNjb2rA\">Spotify<\/a>!<\/p>\n","protected":false},"excerpt":{"rendered":"<p>Voc\u00eas t\u00eam essa alegria porque est\u00e3o recebendo a sua salva\u00e7\u00e3o, que \u00e9 o resultado da\u00a0f\u00e9 que possuem. (1Pe 1.9) A prega\u00e7\u00e3o da salva\u00e7\u00e3o por meio da f\u00e9 come\u00e7a com o vers\u00edculo mais traduzido\u00a0e mais conhecido da B\u00edblia: \u201cDeus amou tanto o mundo que deu seu Filho,\u00a0seu \u00fanico filho, pela seguinte raz\u00e3o: para que ningu\u00e9m precise [&hellip;]<\/p>\n","protected":false},"author":21,"featured_media":161,"comment_status":"open","ping_status":"open","sticky":false,"template":"","format":"standard","meta":{"ngg_post_thumbnail":0,"footnotes":""},"categories":[5478],"tags":[],"class_list":["post-10054","post","type-post","status-publish","format-standard","has-post-thumbnail","hentry","category-elben-cesar"],"publishpress_future_action":{"enabled":false,"date":"2026-05-04 15:00:04","action":"change-status","newStatus":"draft","terms":[],"taxonomy":"category","extraData":[]},"publishpress_future_workflow_manual_trigger":{"enabledWorkflows":[]},"_links":{"self":[{"href":"https:\/\/ultimato.com.br\/sites\/devocional-diaria\/wp-json\/wp\/v2\/posts\/10054","targetHints":{"allow":["GET"]}}],"collection":[{"href":"https:\/\/ultimato.com.br\/sites\/devocional-diaria\/wp-json\/wp\/v2\/posts"}],"about":[{"href":"https:\/\/ultimato.com.br\/sites\/devocional-diaria\/wp-json\/wp\/v2\/types\/post"}],"author":[{"embeddable":true,"href":"https:\/\/ultimato.com.br\/sites\/devocional-diaria\/wp-json\/wp\/v2\/users\/21"}],"replies":[{"embeddable":true,"href":"https:\/\/ultimato.com.br\/sites\/devocional-diaria\/wp-json\/wp\/v2\/comments?post=10054"}],"version-history":[{"count":1,"href":"https:\/\/ultimato.com.br\/sites\/devocional-diaria\/wp-json\/wp\/v2\/posts\/10054\/revisions"}],"predecessor-version":[{"id":10055,"href":"https:\/\/ultimato.com.br\/sites\/devocional-diaria\/wp-json\/wp\/v2\/posts\/10054\/revisions\/10055"}],"wp:featuredmedia":[{"embeddable":true,"href":"https:\/\/ultimato.com.br\/sites\/devocional-diaria\/wp-json\/wp\/v2\/media\/161"}],"wp:attachment":[{"href":"https:\/\/ultimato.com.br\/sites\/devocional-diaria\/wp-json\/wp\/v2\/media?parent=10054"}],"wp:term":[{"taxonomy":"category","embeddable":true,"href":"https:\/\/ultimato.com.br\/sites\/devocional-diaria\/wp-json\/wp\/v2\/categories?post=10054"},{"taxonomy":"post_tag","embeddable":true,"href":"https:\/\/ultimato.com.br\/sites\/devocional-diaria\/wp-json\/wp\/v2\/tags?post=10054"}],"curies":[{"name":"wp","href":"https:\/\/api.w.org\/{rel}","templated":true}]}}