{"id":10052,"date":"2022-11-03T00:00:25","date_gmt":"2022-11-03T02:00:25","guid":{"rendered":"https:\/\/ultimato.com.br\/sites\/devocional-diaria\/?p=10052"},"modified":"2022-10-27T17:57:13","modified_gmt":"2022-10-27T19:57:13","slug":"a-promessa-e-a-tentacao-2","status":"publish","type":"post","link":"https:\/\/ultimato.com.br\/sites\/devocional-diaria\/2022\/11\/03\/autor\/elben-cesar\/a-promessa-e-a-tentacao-2\/","title":{"rendered":"A promessa e a tenta\u00e7\u00e3o"},"content":{"rendered":"<p>Pede-me, e te darei as na\u00e7\u00f5es como heran\u00e7a e os confins da terra como tua propriedade. (Sl 2.8)<\/p>\n<p>Duas vezes Jesus ouviu a promessa: \u201cTe darei as na\u00e7\u00f5es\u201d. A primeira aparece no livro dos Salmos (2.8) e a segunda aparece na hist\u00f3ria da tenta\u00e7\u00e3o de Jesus (Mt 4.8).<\/p>\n<p>Na primeira \u00e9 Deus quem promete: \u201cPede-me, e te darei as na\u00e7\u00f5es como heran\u00e7a\u201d. Na segunda \u00e9 o diabo quem promete: \u201cTodos os reinos do mundo e o seu esplendor te darei, se te prostrares e me adorares\u201d.<\/p>\n<p>No caso da primeira promessa, Jesus precisaria apenas pedir. No caso da segunda promessa, Jesus precisaria p\u00f4r o rosto no ch\u00e3o diante de Satan\u00e1s e o adorar. O que h\u00e1 no Salmo 2 \u00e9 uma promessa.<\/p>\n<p>O que h\u00e1 na passagem de Mateus \u00e9 uma tenta\u00e7\u00e3o, uma tenta\u00e7\u00e3o absurda.<\/p>\n<p>Assim como Jesus, todos estamos entre o \u201cEu te darei\u201d de Deus e o \u201cEu te darei\u201d do diabo. O que Deus d\u00e1 n\u00e3o tem mist\u00e9rio, n\u00e3o tem cilada, n\u00e3o tem perigo. O que o diabo d\u00e1 \u00e9 muito complicado, \u00e9 muito arriscado, \u00e9 muito enganoso. Pode criar situa\u00e7\u00f5es dific\u00edlimas e irrevers\u00edveis. A Abra\u00e3o Deus prometeu dar um filho nascido de Sara e n\u00e3o de Hagar. Ismael foi resultado de uma precipita\u00e7\u00e3o n\u00e3o idealizada nem sugerida por Deus.<strong>\u00a0<\/strong><\/p>\n<p><strong>\u00a0<\/strong><\/p>\n<p><strong>&gt;&gt; Retirado de\u00a0<em><a href=\"https:\/\/www.ultimato.com.br\/loja\/produtos\/um-ano-com-os-salmos\">Um Ano com os Salmos<\/a><\/em> [Elben C\u00e9sar]. Editora Ultimato.<\/strong><strong>\u00a0<\/strong><\/p>\n<p>Ou\u00e7a as nossas devocionais pelo <a href=\"https:\/\/open.spotify.com\/show\/7CG8DL9dgWZEgPzX3rnk51?si=1dbGejI2TQS16eamNjb2rA\">Spotify<\/a>!<\/p>\n","protected":false},"excerpt":{"rendered":"<p>Pede-me, e te darei as na\u00e7\u00f5es como heran\u00e7a e os confins da terra como tua propriedade. (Sl 2.8) Duas vezes Jesus ouviu a promessa: \u201cTe darei as na\u00e7\u00f5es\u201d. A primeira aparece no livro dos Salmos (2.8) e a segunda aparece na hist\u00f3ria da tenta\u00e7\u00e3o de Jesus (Mt 4.8). Na primeira \u00e9 Deus quem promete: \u201cPede-me, [&hellip;]<\/p>\n","protected":false},"author":21,"featured_media":162,"comment_status":"open","ping_status":"open","sticky":false,"template":"","format":"standard","meta":{"ngg_post_thumbnail":0,"footnotes":""},"categories":[5478],"tags":[],"class_list":["post-10052","post","type-post","status-publish","format-standard","has-post-thumbnail","hentry","category-elben-cesar"],"publishpress_future_action":{"enabled":false,"date":"2026-05-04 16:29:17","action":"change-status","newStatus":"draft","terms":[],"taxonomy":"category","extraData":[]},"publishpress_future_workflow_manual_trigger":{"enabledWorkflows":[]},"_links":{"self":[{"href":"https:\/\/ultimato.com.br\/sites\/devocional-diaria\/wp-json\/wp\/v2\/posts\/10052","targetHints":{"allow":["GET"]}}],"collection":[{"href":"https:\/\/ultimato.com.br\/sites\/devocional-diaria\/wp-json\/wp\/v2\/posts"}],"about":[{"href":"https:\/\/ultimato.com.br\/sites\/devocional-diaria\/wp-json\/wp\/v2\/types\/post"}],"author":[{"embeddable":true,"href":"https:\/\/ultimato.com.br\/sites\/devocional-diaria\/wp-json\/wp\/v2\/users\/21"}],"replies":[{"embeddable":true,"href":"https:\/\/ultimato.com.br\/sites\/devocional-diaria\/wp-json\/wp\/v2\/comments?post=10052"}],"version-history":[{"count":1,"href":"https:\/\/ultimato.com.br\/sites\/devocional-diaria\/wp-json\/wp\/v2\/posts\/10052\/revisions"}],"predecessor-version":[{"id":10053,"href":"https:\/\/ultimato.com.br\/sites\/devocional-diaria\/wp-json\/wp\/v2\/posts\/10052\/revisions\/10053"}],"wp:featuredmedia":[{"embeddable":true,"href":"https:\/\/ultimato.com.br\/sites\/devocional-diaria\/wp-json\/wp\/v2\/media\/162"}],"wp:attachment":[{"href":"https:\/\/ultimato.com.br\/sites\/devocional-diaria\/wp-json\/wp\/v2\/media?parent=10052"}],"wp:term":[{"taxonomy":"category","embeddable":true,"href":"https:\/\/ultimato.com.br\/sites\/devocional-diaria\/wp-json\/wp\/v2\/categories?post=10052"},{"taxonomy":"post_tag","embeddable":true,"href":"https:\/\/ultimato.com.br\/sites\/devocional-diaria\/wp-json\/wp\/v2\/tags?post=10052"}],"curies":[{"name":"wp","href":"https:\/\/api.w.org\/{rel}","templated":true}]}}