{"id":10048,"date":"2022-11-01T00:00:21","date_gmt":"2022-11-01T02:00:21","guid":{"rendered":"https:\/\/ultimato.com.br\/sites\/devocional-diaria\/?p=10048"},"modified":"2022-10-27T17:52:03","modified_gmt":"2022-10-27T19:52:03","slug":"definicao","status":"publish","type":"post","link":"https:\/\/ultimato.com.br\/sites\/devocional-diaria\/2022\/11\/01\/autor\/elben-cesar\/definicao\/","title":{"rendered":"Defini\u00e7\u00e3o"},"content":{"rendered":"<p>\u201cE voc\u00eas? Quem acham que eu sou?\u201d Sim\u00e3o Pedro declarou: \u201cTu \u00e9s o Cristo,\u00a0o Messias, o Filho do Deus vivo!\u201d. (Mt 16.15-16)<\/p>\n<p>Definir significa expor com precis\u00e3o qual \u00e9 o ponto de vista, o credo,\u00a0a posi\u00e7\u00e3o. Muitos n\u00e3o se definem para agradar este e aquele, para n\u00e3o se\u00a0comprometer. O povo gosta de exigir uma defini\u00e7\u00e3o. D. Pedro II, com 30 anos,\u00a015 depois da maioridade, em 1855, definiu-se sobre a coloniza\u00e7\u00e3o do Brasil:\u00a0\u201cMeu governo empenha-se com particular interesse na tarefa de promover\u00a0a coloniza\u00e7\u00e3o, da qual depende essencialmente o futuro do pa\u00eds\u201d. \u00c9 verdade\u00a0que h\u00e1 tamb\u00e9m defini\u00e7\u00f5es contradit\u00f3rias, pouco precisas e titubeantes.<\/p>\n<p>O cristianismo exige de n\u00f3s uma defini\u00e7\u00e3o. Elias, 900 anos antes de\u00a0Cristo, reuniu o povo no monte Carmelo e reclamou deles: \u201cAt\u00e9 quando\u00a0coxeareis entre dois pensamentos? Se o Senhor \u00e9 Deus segui-o; se \u00e9 Baal,\u00a0segui-o\u201d (1Rs 18.21). Coxear a\u00ed quer dizer: at\u00e9 quando voc\u00eas andar\u00e3o com\u00a0dificuldade por n\u00e3o saberem o que fazer? Jesus perguntou aos ap\u00f3stolos:\u00a0\u201cQuem diz o povo ser o Filho do homem?\u201d. Eles responderam: \u201cUns dizem:\u00a0Jo\u00e3o Batista; outros: Elias; e outros: Jeremias; ou algum dos profetas\u201d. Mas\u00a0v\u00f3s, continuou Jesus: \u201cQuem dizeis que eu sou?\u201d. Pedro deu a defini\u00e7\u00e3o certa\u00a0que Jesus queria ouvir: \u201cTu \u00e9s o Cristo, o filho do Deus vivo\u201d (Mt 16.13-20).<\/p>\n<p>Voc\u00ea precisa fazer sua defini\u00e7\u00e3o por Cristo, com base nas palavras dele.\u00a0Ter\u00e1 de ser coerente, honesta, corajosa e resoluta. Cada afirma\u00e7\u00e3o do chamado\u00a0Credo Apost\u00f3lico \u00e9 o resumo de uma das principais doutrinas do\u00a0cristianismo. Voc\u00ea ser\u00e1 um crist\u00e3o, pelo menos intelectualmente, se puder\u00a0tornar suas cada uma dessas afirma\u00e7\u00f5es. A defini\u00e7\u00e3o \u00e9 o ponto de partida.<strong>\u00a0<\/strong><\/p>\n<p><strong>\u00a0<\/strong><\/p>\n<p><strong>&gt;&gt; Retirado de\u00a0<em><a href=\"https:\/\/www.ultimato.com.br\/loja\/produtos\/cuide-das-raizes-espere-pelos-frutos\">Cuide das Ra\u00edzes, Espere pelos Frutos<\/a><\/em>, [Elben C\u00e9sar]. Editora Ultimato.<\/strong><\/p>\n<p>Ou\u00e7a as nossas devocionais pelo <a href=\"https:\/\/open.spotify.com\/show\/7CG8DL9dgWZEgPzX3rnk51?si=1dbGejI2TQS16eamNjb2rA\">Spotify<\/a>!<\/p>\n","protected":false},"excerpt":{"rendered":"<p>\u201cE voc\u00eas? Quem acham que eu sou?\u201d Sim\u00e3o Pedro declarou: \u201cTu \u00e9s o Cristo,\u00a0o Messias, o Filho do Deus vivo!\u201d. (Mt 16.15-16) Definir significa expor com precis\u00e3o qual \u00e9 o ponto de vista, o credo,\u00a0a posi\u00e7\u00e3o. Muitos n\u00e3o se definem para agradar este e aquele, para n\u00e3o se\u00a0comprometer. O povo gosta de exigir uma defini\u00e7\u00e3o. [&hellip;]<\/p>\n","protected":false},"author":21,"featured_media":164,"comment_status":"open","ping_status":"open","sticky":false,"template":"","format":"standard","meta":{"ngg_post_thumbnail":0,"footnotes":""},"categories":[5478],"tags":[],"class_list":["post-10048","post","type-post","status-publish","format-standard","has-post-thumbnail","hentry","category-elben-cesar"],"publishpress_future_action":{"enabled":false,"date":"2026-05-04 23:17:27","action":"change-status","newStatus":"draft","terms":[],"taxonomy":"category","extraData":[]},"publishpress_future_workflow_manual_trigger":{"enabledWorkflows":[]},"_links":{"self":[{"href":"https:\/\/ultimato.com.br\/sites\/devocional-diaria\/wp-json\/wp\/v2\/posts\/10048","targetHints":{"allow":["GET"]}}],"collection":[{"href":"https:\/\/ultimato.com.br\/sites\/devocional-diaria\/wp-json\/wp\/v2\/posts"}],"about":[{"href":"https:\/\/ultimato.com.br\/sites\/devocional-diaria\/wp-json\/wp\/v2\/types\/post"}],"author":[{"embeddable":true,"href":"https:\/\/ultimato.com.br\/sites\/devocional-diaria\/wp-json\/wp\/v2\/users\/21"}],"replies":[{"embeddable":true,"href":"https:\/\/ultimato.com.br\/sites\/devocional-diaria\/wp-json\/wp\/v2\/comments?post=10048"}],"version-history":[{"count":1,"href":"https:\/\/ultimato.com.br\/sites\/devocional-diaria\/wp-json\/wp\/v2\/posts\/10048\/revisions"}],"predecessor-version":[{"id":10049,"href":"https:\/\/ultimato.com.br\/sites\/devocional-diaria\/wp-json\/wp\/v2\/posts\/10048\/revisions\/10049"}],"wp:featuredmedia":[{"embeddable":true,"href":"https:\/\/ultimato.com.br\/sites\/devocional-diaria\/wp-json\/wp\/v2\/media\/164"}],"wp:attachment":[{"href":"https:\/\/ultimato.com.br\/sites\/devocional-diaria\/wp-json\/wp\/v2\/media?parent=10048"}],"wp:term":[{"taxonomy":"category","embeddable":true,"href":"https:\/\/ultimato.com.br\/sites\/devocional-diaria\/wp-json\/wp\/v2\/categories?post=10048"},{"taxonomy":"post_tag","embeddable":true,"href":"https:\/\/ultimato.com.br\/sites\/devocional-diaria\/wp-json\/wp\/v2\/tags?post=10048"}],"curies":[{"name":"wp","href":"https:\/\/api.w.org\/{rel}","templated":true}]}}