{"id":10046,"date":"2022-10-30T00:00:37","date_gmt":"2022-10-30T02:00:37","guid":{"rendered":"https:\/\/ultimato.com.br\/sites\/devocional-diaria\/?p=10046"},"modified":"2022-10-27T17:48:57","modified_gmt":"2022-10-27T19:48:57","slug":"do-porao-a-cobertura","status":"publish","type":"post","link":"https:\/\/ultimato.com.br\/sites\/devocional-diaria\/2022\/10\/30\/autor\/stanley-jones\/do-porao-a-cobertura\/","title":{"rendered":"Do por\u00e3o \u00e0 cobertura"},"content":{"rendered":"<p>Prov\u00e9rbios 29.25; Isa\u00edas 51.12<\/p>\n<p>Podemos nos libertar do medo e da ansiedade. \u201cAnsiedade\u201d, como disse algu\u00e9m, \u201c\u00e9 a medida da dist\u00e2ncia entre o homem e Deus.\u201d Quando Deus chega, a ansiedade se vai; quando a ansiedade chega, Deus se vai. Um pastor entregou suas ansiedades e seus medos a Deus, e ent\u00e3o disse: \u201cVoltei ao meu trabalho, n\u00e3o com os l\u00e1bios contra\u00eddos e os punhos cerrados na determina\u00e7\u00e3o de fazer melhor as coisas, mas com o sentimento de for\u00e7a renovada\u201d. Ele havia descansado em Deus.<\/p>\n<p>Os trechos seguintes de uma carta de uma ph.D., reitora de mulheres, mostram\u00a0uma vit\u00f3ria real sobre um medo profundamente arraigado em toda uma vida:\u00a0\u201cErgui um muro entre mim e o mundo exterior. Os outros se ofenderam com\u00a0essa atitude, o que criou certa antipatia neles. Al\u00e9m disso, eu tinha um indevido\u00a0senso de dever ou justi\u00e7a e exigia muito de mim e dos outros. N\u00e3o havia nada de\u00a0am\u00e1vel em mim&#8230; Fiquei doente com tudo isso&#8230; Comecei a ler <em>Abundant Living <\/em>e, pela primeira vez, vislumbrei uma vida de liberdade: j\u00e1 n\u00e3o precisava controlar o medo e pude dispens\u00e1-lo de uma vez por todas. Ent\u00e3o sa\u00ed do por\u00e3o escuro e \u00famido da minha vida, onde os ratos do medo e da tens\u00e3o nervosa tornaram-na insuport\u00e1vel, e fui para a cobertura, onde abri as janelas da minha alma e deixei que a luz do sol de Deus penetrasse em todas as \u00e1reas da minha vida&#8230; Eu podia elaborar detalhadamente os resultados evidentes: uma alegria que nunca senti; uma atitude amorosa, n\u00e3o cr\u00edtica, em rela\u00e7\u00e3o aos outros; recupera\u00e7\u00e3o do apetite normal; nenhuma necessidade de son\u00edferos. Muitas pessoas observam que sou uma pessoa diferente. As causas da irrita\u00e7\u00e3o desapareceram. Os muros entre mim e o mundo ca\u00edram. O comedimento e a timidez se foram. Perdi inibi\u00e7\u00f5es indesej\u00e1veis. Estou andando na Luz!\u201d<\/p>\n<p>O que Deus fez por essa mulher brilhante, ele pode fazer por voc\u00ea. Entregue seus medos e confie nele.<\/p>\n<p>Uma enfermeira vivia com medo de deixar cair a x\u00edcara de ch\u00e1 em uma festa. Quanto mais ela se esfor\u00e7ava, pior ficava. Ela se entregou a Deus e foi liberta.<\/p>\n<p><em>\u00d3 Cristo, que viveste t\u00e3o cercado pela trag\u00e9dia e por tudo que produz medo, e, ainda assim,\u00a0t\u00e3o completamente livre do medo, entra em minha vida e liberta-me de toda tens\u00e3o, de toda\u00a0ansiedade, e torna-me uma pessoa livre de medos. Prometo cooperar ao m\u00e1ximo \u2013 juntos,\u00a0podemos enfrentar qualquer coisa, tudo. Am\u00e9m.\u00a0<\/em><\/p>\n<p>Afirma\u00e7\u00e3o do dia: \u201cPortanto, que todos os que s\u00e3o fi\u00e9is orem a ti enquanto podes\u00a0ser encontrado; quando as muitas \u00e1guas se levantarem, elas n\u00e3o os atingir\u00e3o\u201d (Sl 32.6).<strong>\u00a0<\/strong><\/p>\n<p><strong>\u00a0<\/strong><\/p>\n<p><strong>&gt;&gt; Retirado de\u00a0<em><a href=\"https:\/\/www.ultimato.com.br\/loja\/produtos\/o-caminho\">O Caminho<\/a><\/em> [Stanley Jones]. Editora Ultimato.<\/strong><\/p>\n<p>Ou\u00e7a as nossas devocionais pelo <a href=\"https:\/\/open.spotify.com\/show\/7CG8DL9dgWZEgPzX3rnk51?si=1dbGejI2TQS16eamNjb2rA\">Spotify<\/a>!<\/p>\n","protected":false},"excerpt":{"rendered":"<p>Prov\u00e9rbios 29.25; Isa\u00edas 51.12 Podemos nos libertar do medo e da ansiedade. \u201cAnsiedade\u201d, como disse algu\u00e9m, \u201c\u00e9 a medida da dist\u00e2ncia entre o homem e Deus.\u201d Quando Deus chega, a ansiedade se vai; quando a ansiedade chega, Deus se vai. Um pastor entregou suas ansiedades e seus medos a Deus, e ent\u00e3o disse: \u201cVoltei ao [&hellip;]<\/p>\n","protected":false},"author":21,"featured_media":166,"comment_status":"open","ping_status":"open","sticky":false,"template":"","format":"standard","meta":{"ngg_post_thumbnail":0,"footnotes":""},"categories":[40852],"tags":[],"class_list":["post-10046","post","type-post","status-publish","format-standard","has-post-thumbnail","hentry","category-stanley-jones"],"publishpress_future_action":{"enabled":false,"date":"2026-05-04 20:35:03","action":"change-status","newStatus":"draft","terms":[],"taxonomy":"category","extraData":[]},"publishpress_future_workflow_manual_trigger":{"enabledWorkflows":[]},"_links":{"self":[{"href":"https:\/\/ultimato.com.br\/sites\/devocional-diaria\/wp-json\/wp\/v2\/posts\/10046","targetHints":{"allow":["GET"]}}],"collection":[{"href":"https:\/\/ultimato.com.br\/sites\/devocional-diaria\/wp-json\/wp\/v2\/posts"}],"about":[{"href":"https:\/\/ultimato.com.br\/sites\/devocional-diaria\/wp-json\/wp\/v2\/types\/post"}],"author":[{"embeddable":true,"href":"https:\/\/ultimato.com.br\/sites\/devocional-diaria\/wp-json\/wp\/v2\/users\/21"}],"replies":[{"embeddable":true,"href":"https:\/\/ultimato.com.br\/sites\/devocional-diaria\/wp-json\/wp\/v2\/comments?post=10046"}],"version-history":[{"count":1,"href":"https:\/\/ultimato.com.br\/sites\/devocional-diaria\/wp-json\/wp\/v2\/posts\/10046\/revisions"}],"predecessor-version":[{"id":10047,"href":"https:\/\/ultimato.com.br\/sites\/devocional-diaria\/wp-json\/wp\/v2\/posts\/10046\/revisions\/10047"}],"wp:featuredmedia":[{"embeddable":true,"href":"https:\/\/ultimato.com.br\/sites\/devocional-diaria\/wp-json\/wp\/v2\/media\/166"}],"wp:attachment":[{"href":"https:\/\/ultimato.com.br\/sites\/devocional-diaria\/wp-json\/wp\/v2\/media?parent=10046"}],"wp:term":[{"taxonomy":"category","embeddable":true,"href":"https:\/\/ultimato.com.br\/sites\/devocional-diaria\/wp-json\/wp\/v2\/categories?post=10046"},{"taxonomy":"post_tag","embeddable":true,"href":"https:\/\/ultimato.com.br\/sites\/devocional-diaria\/wp-json\/wp\/v2\/tags?post=10046"}],"curies":[{"name":"wp","href":"https:\/\/api.w.org\/{rel}","templated":true}]}}