{"id":10037,"date":"2022-10-28T00:00:46","date_gmt":"2022-10-28T02:00:46","guid":{"rendered":"https:\/\/ultimato.com.br\/sites\/devocional-diaria\/?p=10037"},"modified":"2022-10-17T14:52:24","modified_gmt":"2022-10-17T16:52:24","slug":"a-beleza-de-um-governo-justo","status":"publish","type":"post","link":"https:\/\/ultimato.com.br\/sites\/devocional-diaria\/2022\/10\/28\/autor\/antonia-leonora\/a-beleza-de-um-governo-justo\/","title":{"rendered":"A beleza de um governo justo"},"content":{"rendered":"<p>Eis a\u00ed est\u00e1 que reinar\u00e1 um rei com justi\u00e7a, e em retid\u00e3o governar\u00e3o pr\u00edncipes.\u00a0Cada um servir\u00e1 de esconderijo contra o vento, de ref\u00fagio contra a tempestade,\u00a0de torrentes de \u00e1guas em lugar]es secos e de sombra de grande rocha em terra\u00a0sedenta. [Isa\u00edas 32.1-2]<\/p>\n<p>\u00c9 poss\u00edvel haver um governo que em vez de explorar e oprimir o povo\u00a0traga paz, prote\u00e7\u00e3o, confian\u00e7a e provis\u00e3o? Sim, \u00e9 poss\u00edvel quando ele segue a\u00a0orienta\u00e7\u00e3o e os caminhos do rei Jesus, que \u00e9 justo e verdadeiro. A maldade e\u00a0o ego\u00edsmo n\u00e3o desaparecer\u00e3o por completo, mas ser\u00e3o controlados. O povo\u00a0aprender\u00e1 a agir com discernimento, sabedoria e respeito.<\/p>\n<p>Tamb\u00e9m percebemos em nossos dias essa necessidade de servir de abrigo\u00a0a pessoas que vivem desconfortos compar\u00e1veis a tempestades amea\u00e7adoras e\u00a0destrutivas, sendo como \u00e1gua fresca e abundante para saciar a sede de muitos.\u00a0Os governantes t\u00eam essa tarefa. Por\u00e9m servir n\u00e3o \u00e9 um dever apenas eles, mas\u00a0de cada um de n\u00f3s.<\/p>\n<p>A\u00ed j\u00e1 n\u00e3o ser\u00e3o honrados e engrandecidos os \u201cloucos\u201d e os \u201cfraudulentos\u201d\u00a0(v. 5). Esses t\u00eam se manifestado contra a vontade de Deus e abandonado o\u00a0\u201cfaminto na \u00e2nsia da sua fome\u201d, e deixado que o \u201csedento venha a ter falta\u00a0de bebida\u201d (v. 6). S\u00e3o os que tramam \u201cintrigas para arruinar os desvalidos,\u00a0com palavras falsas, ainda quando a causa do pobre \u00e9 justa\u201d (v. 7). Ser\u00e1 que a\u00a0maldade que tem dominado nossa sociedade \u00e9 algo novo? Certamente n\u00e3o,\u00a0mas h\u00e1 esperan\u00e7a!<\/p>\n<p>Vamos buscar o socorro de Deus e tamb\u00e9m o discernimento para que cada\u00a0um de n\u00f3s pratique a justi\u00e7a e o apoio m\u00fatuo em sua \u00e1rea de influ\u00eancia: na\u00a0fam\u00edlia, na empresa, na escola, no bairro, na cidade, no pa\u00eds e al\u00e9m.<\/p>\n<p>Quando os filhos de Deus procuram a dire\u00e7\u00e3o dele, e servem com amor,\u00a0discernimento e respeito m\u00fatuo, sem d\u00favida h\u00e1 esperan\u00e7a!<\/p>\n<p>Senhor, gra\u00e7as a ti h\u00e1 esperan\u00e7a, n\u00e3o s\u00f3 para mim, mas tamb\u00e9m para minha\u00a0comunidade, cidade e pa\u00eds. Levanta l\u00edderes justos para nossa sociedade e d\u00e1-nos\u00a0discernimento para exercer o papel que nos cabe.<strong>\u00a0<\/strong><\/p>\n<p><strong>\u00a0<\/strong><\/p>\n<p><strong>&gt;&gt; Retirado de\u00a0<em><a href=\"https:\/\/www.ultimato.com.br\/loja\/produtos\/refeicoes-diarias-celebrando-a-reconciliacao\">Refei\u00e7\u00f5es Di\u00e1rias \u2013 Celebrando a Reconcilia\u00e7\u00e3o<\/a><\/em>. Editora Ultimato.<\/strong><\/p>\n<p>Ou\u00e7a as nossas devocionais pelo <a href=\"https:\/\/open.spotify.com\/show\/7CG8DL9dgWZEgPzX3rnk51?si=1dbGejI2TQS16eamNjb2rA\">Spotify<\/a>!<\/p>\n","protected":false},"excerpt":{"rendered":"<p>Eis a\u00ed est\u00e1 que reinar\u00e1 um rei com justi\u00e7a, e em retid\u00e3o governar\u00e3o pr\u00edncipes.\u00a0Cada um servir\u00e1 de esconderijo contra o vento, de ref\u00fagio contra a tempestade,\u00a0de torrentes de \u00e1guas em lugar]es secos e de sombra de grande rocha em terra\u00a0sedenta. [Isa\u00edas 32.1-2] \u00c9 poss\u00edvel haver um governo que em vez de explorar e oprimir o [&hellip;]<\/p>\n","protected":false},"author":21,"featured_media":161,"comment_status":"open","ping_status":"open","sticky":false,"template":"","format":"standard","meta":{"ngg_post_thumbnail":0,"footnotes":""},"categories":[40853],"tags":[],"class_list":["post-10037","post","type-post","status-publish","format-standard","has-post-thumbnail","hentry","category-antonia-leonora"],"publishpress_future_action":{"enabled":false,"date":"2026-05-04 23:17:40","action":"change-status","newStatus":"draft","terms":[],"taxonomy":"category","extraData":[]},"publishpress_future_workflow_manual_trigger":{"enabledWorkflows":[]},"_links":{"self":[{"href":"https:\/\/ultimato.com.br\/sites\/devocional-diaria\/wp-json\/wp\/v2\/posts\/10037","targetHints":{"allow":["GET"]}}],"collection":[{"href":"https:\/\/ultimato.com.br\/sites\/devocional-diaria\/wp-json\/wp\/v2\/posts"}],"about":[{"href":"https:\/\/ultimato.com.br\/sites\/devocional-diaria\/wp-json\/wp\/v2\/types\/post"}],"author":[{"embeddable":true,"href":"https:\/\/ultimato.com.br\/sites\/devocional-diaria\/wp-json\/wp\/v2\/users\/21"}],"replies":[{"embeddable":true,"href":"https:\/\/ultimato.com.br\/sites\/devocional-diaria\/wp-json\/wp\/v2\/comments?post=10037"}],"version-history":[{"count":1,"href":"https:\/\/ultimato.com.br\/sites\/devocional-diaria\/wp-json\/wp\/v2\/posts\/10037\/revisions"}],"predecessor-version":[{"id":10038,"href":"https:\/\/ultimato.com.br\/sites\/devocional-diaria\/wp-json\/wp\/v2\/posts\/10037\/revisions\/10038"}],"wp:featuredmedia":[{"embeddable":true,"href":"https:\/\/ultimato.com.br\/sites\/devocional-diaria\/wp-json\/wp\/v2\/media\/161"}],"wp:attachment":[{"href":"https:\/\/ultimato.com.br\/sites\/devocional-diaria\/wp-json\/wp\/v2\/media?parent=10037"}],"wp:term":[{"taxonomy":"category","embeddable":true,"href":"https:\/\/ultimato.com.br\/sites\/devocional-diaria\/wp-json\/wp\/v2\/categories?post=10037"},{"taxonomy":"post_tag","embeddable":true,"href":"https:\/\/ultimato.com.br\/sites\/devocional-diaria\/wp-json\/wp\/v2\/tags?post=10037"}],"curies":[{"name":"wp","href":"https:\/\/api.w.org\/{rel}","templated":true}]}}